{"id":66500,"date":"2025-12-16T18:32:09","date_gmt":"2025-12-16T18:32:09","guid":{"rendered":"https:\/\/www.europesays.com\/ro\/66500\/"},"modified":"2025-12-16T18:32:09","modified_gmt":"2025-12-16T18:32:09","slug":"ai-ul-ajunge-pe-televizoarele-lg-chiar-si-fara-sa-fie-cerut-de-ce-noua-aplicatie-irita-utilizatorii","status":"publish","type":"post","link":"https:\/\/www.europesays.com\/ro\/66500\/","title":{"rendered":"AI-ul ajunge pe televizoarele LG, chiar \u0219i f\u0103r\u0103 s\u0103 fie cerut. De ce noua aplica\u021bie irit\u0103 utilizatorii"},"content":{"rendered":"<p>Marti, 16 Decembrie 2025, ora 16:38<\/p>\n<p>1228 citiri<\/p>\n<p><a class=\"news__image\" data-href=\"https:\/\/s2.ziareromania.ro\/?mmid=7265756a84a401cd62\" data-size=\"867x573\" title=\"AI-ul ajunge pe televizoarele LG, chiar \u0219i f\u0103r\u0103 s\u0103 fie cerut. De ce noua aplica\u021bie irit\u0103 utilizatorii\"><img decoding=\"async\" src=\"https:\/\/www.europesays.com\/ro\/wp-content\/uploads\/2025\/12\/AI-ul-ajunge-pe-televizoarele-LG--chiar---i-f--r---s---fie-cerut--De-ce-noua-aplica--ie-irit---utili.jpeg\" alt=\"AI-ul ajunge pe televizoarele LG, chiar \u0219i f\u0103r\u0103 s\u0103 fie cerut. De ce noua aplica\u021bie irit\u0103 utilizatorii\" title=\"AI-ul ajunge pe televizoarele LG, chiar \u0219i f\u0103r\u0103 s\u0103 fie cerut. De ce noua aplica\u021bie irit\u0103 utilizatorii\" class=\"img-responsive\"\/><\/a><\/p>\n<p>B\u0103rbat care se uit\u0103 la televizor Foto: Pixabay<\/p>\n<p><a href=\"https:\/\/ziare.com\/microsoft\/\" title=\"Microsoft\" rel=\"nofollow noopener\" target=\"_blank\">Microsoft<\/a> continu\u0103 ofensiva agresiv\u0103 de a-\u0219i \u00eempinge asistentul AI \u00een c\u00e2t mai multe produse, iar cea mai recent\u0103 oprire pe aceast\u0103 hart\u0103 este televizorul din sufragerie. Mai exact, televizoarele inteligente <a href=\"https:\/\/ziare.com\/lg\/\" title=\"LG\" rel=\"nofollow noopener\" target=\"_blank\">LG<\/a>, unde o aplica\u021bie <a href=\"https:\/\/ziare.com\/internet-si-tehnologie\/microsoft\/\" title=\"Microsoft\" rel=\"nofollow noopener\" target=\"_blank\">Microsoft<\/a> Copilot a \u00eenceput s\u0103 apar\u0103 automat, f\u0103r\u0103 ca utilizatorii s\u0103 o fi instalat \u0219i, mai important, f\u0103r\u0103 posibilitatea de a o elimina complet.<\/p>\n<p>Mi\u0219carea a st\u00e2rnit rapid reac\u021bii negative, nu neap\u0103rat pentru existen\u021ba aplica\u021biei \u00een sine, ci pentru modul \u00een care a fost introdus\u0103. Pentru mul\u021bi utilizatori, senza\u021bia este c\u0103 un produs cump\u0103rat pentru divertisment devine, pe nesim\u021bite, o platform\u0103 de testare pentru un asistent AI pe care nu l-au cerut.<\/p>\n<p>De ce integrarea Copilot pe TV ridic\u0103 mai multe probleme dec\u00e2t promisiuni<\/p>\n<p>Primele semnale au ap\u0103rut pe Reddit, unde proprietari de televizoare LG au observat c\u0103 aplica\u021bia Copilot a ap\u0103rut brusc pe dispozitivele lor. Jurnali\u0219ti de la Engadget au confirmat situa\u021bia pe mai multe modele, inclusiv televizoare OLED LG din 2022 \u0219i modele UA8000 din 2023. Aplica\u021bia nu poate fi dezinstalat\u0103, ci doar ascuns\u0103 de pe ecranul principal, o diferen\u021b\u0103 important\u0103 pentru utilizatorii care \u00ee\u0219i doresc control total asupra dispozitivului.<\/p>\n<p>Situa\u021bia nu este identic\u0103 pentru toat\u0103 lumea. Unii posesori de televizoare LG nu v\u0103d aplica\u021bia, ceea ce sugereaz\u0103 c\u0103 distribuirea depinde de regiune, model sau set\u0103rile de confiden\u021bialitate configurate anterior. Aceast\u0103 inconsisten\u021b\u0103 adaug\u0103 un strat suplimentar de confuzie \u0219i frustrare.<\/p>\n<p><a href=\"https:\/\/residentialist.ro\/apartamente-vanzare\/bucuresti\/3-camere\" target=\"_blank\" rel=\"nofollow noopener\">apartamente de vanzare bucuresti 3 camere<\/a><\/p>\n<p>LG anun\u021base \u00eenc\u0103 de la CES 2025 c\u0103 lucreaz\u0103 la func\u021bii de c\u0103utare bazate pe inteligen\u021b\u0103 artificial\u0103, cu Microsoft Copilot ca element central. Diferen\u021ba este c\u0103 utilizatorii se a\u0219teptau la func\u021bionalit\u0103\u021bi op\u021bionale sau integrate discret, nu la o aplica\u021bie permanent\u0103, imposibil de eliminat.<\/p>\n<p>\u021ai-a pl\u0103cut articolul?<\/p>\n<p> Vrem s\u0103 producem mai multe, \u00eens\u0103 avem nevoie de sus\u021binerea ta. Orice dona\u021bie conteaz\u0103 pentru jurnalismul independent <\/p>\n","protected":false},"excerpt":{"rendered":"Marti, 16 Decembrie 2025, ora 16:38 1228 citiri B\u0103rbat care se uit\u0103 la televizor Foto: Pixabay Microsoft continu\u0103&hellip;\n","protected":false},"author":2,"featured_media":66501,"comment_status":"","ping_status":"","sticky":false,"template":"","format":"standard","meta":{"footnotes":"","_share_on_mastodon":"0"},"categories":[16],"tags":[179,41,40,38,39,141,124,1873],"class_list":["post-66500","post","type-post","status-publish","format-standard","has-post-thumbnail","category-tehnologie","tag-inteligenta-artificiala","tag-ro","tag-romana","tag-romania","tag-romanian","tag-technology","tag-tehnologie","tag-televizor"],"share_on_mastodon":{"url":"https:\/\/pubeurope.com\/@ro\/115730680795941428","error":""},"_links":{"self":[{"href":"https:\/\/www.europesays.com\/ro\/wp-json\/wp\/v2\/posts\/66500","targetHints":{"allow":["GET"]}}],"collection":[{"href":"https:\/\/www.europesays.com\/ro\/wp-json\/wp\/v2\/posts"}],"about":[{"href":"https:\/\/www.europesays.com\/ro\/wp-json\/wp\/v2\/types\/post"}],"author":[{"embeddable":true,"href":"https:\/\/www.europesays.com\/ro\/wp-json\/wp\/v2\/users\/2"}],"replies":[{"embeddable":true,"href":"https:\/\/www.europesays.com\/ro\/wp-json\/wp\/v2\/comments?post=66500"}],"version-history":[{"count":0,"href":"https:\/\/www.europesays.com\/ro\/wp-json\/wp\/v2\/posts\/66500\/revisions"}],"wp:featuredmedia":[{"embeddable":true,"href":"https:\/\/www.europesays.com\/ro\/wp-json\/wp\/v2\/media\/66501"}],"wp:attachment":[{"href":"https:\/\/www.europesays.com\/ro\/wp-json\/wp\/v2\/media?parent=66500"}],"wp:term":[{"taxonomy":"category","embeddable":true,"href":"https:\/\/www.europesays.com\/ro\/wp-json\/wp\/v2\/categories?post=66500"},{"taxonomy":"post_tag","embeddable":true,"href":"https:\/\/www.europesays.com\/ro\/wp-json\/wp\/v2\/tags?post=66500"}],"curies":[{"name":"wp","href":"https:\/\/api.w.org\/{rel}","templated":true}]}}