{"id":67907,"date":"2025-12-18T08:57:07","date_gmt":"2025-12-18T08:57:07","guid":{"rendered":"https:\/\/www.europesays.com\/ro\/67907\/"},"modified":"2025-12-18T08:57:07","modified_gmt":"2025-12-18T08:57:07","slug":"samsung-schimba-jocul-pe-piata-tv-noua-tehnologie-micro-rgb-ajunge-in-livinguri-obisnuite-nu-doar-pe-pereti-uriasi-si-reclame","status":"publish","type":"post","link":"https:\/\/www.europesays.com\/ro\/67907\/","title":{"rendered":"Samsung schimb\u0103 jocul pe pia\u021ba TV. Noua tehnologie Micro RGB ajunge \u00een livinguri obi\u0219nuite, nu doar pe pere\u021bi uria\u0219i \u0219i reclame"},"content":{"rendered":"<p>Miercuri, 17 Decembrie 2025, ora 12:27<\/p>\n<p>8868 citiri<\/p>\n<p><a href=\"https:\/\/ziare.com\/samsung\/\" title=\"Samsung\" rel=\"nofollow noopener\" target=\"_blank\">Samsung<\/a> a confirmat oficial lansarea unei noi game de <a href=\"https:\/\/ziare.com\/internet-si-tehnologie\/televizoare\/\" title=\"televizoare\" rel=\"nofollow noopener\" target=\"_blank\">televizoare<\/a> Micro RGB pentru 2026, iar surpriza nu este doar tehnologia, ci vizeaz\u0103 \u0219i dimensiunile alese. Pe l\u00e2ng\u0103 modelul impresionant de 115 inci anun\u021bat anterior, seria se extinde acum p\u00e2n\u0103 la un format de 55 de inci, mult mai u\u0219or de integrat \u00eentr-o locuin\u021b\u0103 obi\u0219nuit\u0103.<\/p>\n<p>Noua strategie arat\u0103 clar inten\u021bia produc\u0103torului sud-coreean de a scoate Micro RGB din zona de vitrin\u0103 tehnologic\u0103 \u0219i de a o transforma \u00eentr-o op\u021biune real\u0103 pentru publicul larg. Modelele confirmate acoper\u0103 diagonale de 55, 65, 75, 85, 100 \u0219i 115 inci, urm\u00e2nd s\u0103 fie prezentate \u00een detaliu la CES 2026, \u00een ianuarie.<\/p>\n<p>Ce aduce Micro RGB diferit fa\u021b\u0103 de ecranele actuale<\/p>\n<p>Tehnologia Micro RGB se bazeaz\u0103 pe o arhitectur\u0103 complet diferit\u0103 fa\u021b\u0103 de LCD sau OLED. Fiecare pixel este compus din LED-uri ro\u0219ii, verzi \u0219i albastre microscopice, cu dimensiuni sub 100 de micrometri, care emit lumin\u0103 independent. Rezultatul este un control extrem de precis al luminozit\u0103\u021bii \u0219i al culorilor, f\u0103r\u0103 compromisurile tipice solu\u021biilor clasice de iluminare.<\/p>\n<p>Samsung sus\u021bine c\u0103 performan\u021ba cromatic\u0103 este validat\u0103 prin certificarea VDE pentru standardul \u201eMicro RGB Precision Color 100\u201d, ceea ce \u00eenseamn\u0103 acoperire complet\u0103 a spa\u021biului de culoare BT.2020. Pe scurt, culorile afi\u0219ate sunt mai apropiate de realitate dec\u00e2t pe majoritatea televizoarelor disponibile \u00een prezent.<\/p>\n<p><a href=\"https:\/\/residentialist.ro\/apartamente-vanzare\/bucuresti\/3-camere\" target=\"_blank\" rel=\"nofollow noopener\">apartamente de vanzare bucuresti 3 camere<\/a><\/p>\n<p>Procesarea imaginii este sus\u021binut\u0103 de noul Micro RGB AI Engine Pro, un chipset care analizeaz\u0103 fiecare cadru \u00een timp real. Func\u021bii precum 4K AI Upscaling Pro \u0219i AI Motion Enhancer Pro sunt concepute pentru a \u00eembun\u0103t\u0103\u021bi detaliile \u0219i a face mi\u0219c\u0103rile rapide mai fluide, indiferent dac\u0103 sursa este streaming, TV sau con\u021binut de rezolu\u021bie mai mic\u0103.<\/p>\n<p>Componenta audio nu este l\u0103sat\u0103 \u00een plan secund. Toate modelele din gama 2026 vor integra Eclipsa Audio, noul sistem de sunet spa\u021bial <a href=\"https:\/\/ziare.com\/internet-si-tehnologie\/3d\/\" title=\"3D\" rel=\"nofollow noopener\" target=\"_blank\">3D<\/a> dezvoltat de Samsung. Acesta func\u021bioneaz\u0103 al\u0103turi de tehnologii consacrate precum Dolby Atmos \u0219i Q-Symphony, sincroniz\u00e2nd difuzoarele televizorului cu soundbaruri sau <a href=\"https:\/\/ziare.com\/internet-si-tehnologie\/sisteme\/\" title=\"sisteme\" rel=\"nofollow noopener\" target=\"_blank\">sisteme<\/a> externe.<\/p>\n<p>Publicul va putea vedea pentru prima dat\u0103 noile televizoare Micro RGB la CES 2026, \u00een Las Vegas. Tot atunci, Samsung este a\u0219teptat\u0103 s\u0103 prezinte \u0219i actualiz\u0103ri pentru seriile OLED, QLED, Neo QLED \u0219i The Frame.<\/p>\n<p>\u021ai-a pl\u0103cut articolul?<\/p>\n<p> Vrem s\u0103 producem mai multe, \u00eens\u0103 avem nevoie de sus\u021binerea ta. Orice dona\u021bie conteaz\u0103 pentru jurnalismul independent <\/p>\n","protected":false},"excerpt":{"rendered":"Miercuri, 17 Decembrie 2025, ora 12:27 8868 citiri Samsung a confirmat oficial lansarea unei noi game de televizoare&hellip;\n","protected":false},"author":2,"featured_media":67908,"comment_status":"","ping_status":"","sticky":false,"template":"","format":"standard","meta":{"footnotes":"","_share_on_mastodon":"0"},"categories":[16],"tags":[41,40,38,39,163,141,124,1873],"class_list":["post-67907","post","type-post","status-publish","format-standard","has-post-thumbnail","category-tehnologie","tag-ro","tag-romana","tag-romania","tag-romanian","tag-samsung","tag-technology","tag-tehnologie","tag-televizor"],"share_on_mastodon":{"url":"https:\/\/pubeurope.com\/@ro\/115739744194575245","error":""},"_links":{"self":[{"href":"https:\/\/www.europesays.com\/ro\/wp-json\/wp\/v2\/posts\/67907","targetHints":{"allow":["GET"]}}],"collection":[{"href":"https:\/\/www.europesays.com\/ro\/wp-json\/wp\/v2\/posts"}],"about":[{"href":"https:\/\/www.europesays.com\/ro\/wp-json\/wp\/v2\/types\/post"}],"author":[{"embeddable":true,"href":"https:\/\/www.europesays.com\/ro\/wp-json\/wp\/v2\/users\/2"}],"replies":[{"embeddable":true,"href":"https:\/\/www.europesays.com\/ro\/wp-json\/wp\/v2\/comments?post=67907"}],"version-history":[{"count":0,"href":"https:\/\/www.europesays.com\/ro\/wp-json\/wp\/v2\/posts\/67907\/revisions"}],"wp:featuredmedia":[{"embeddable":true,"href":"https:\/\/www.europesays.com\/ro\/wp-json\/wp\/v2\/media\/67908"}],"wp:attachment":[{"href":"https:\/\/www.europesays.com\/ro\/wp-json\/wp\/v2\/media?parent=67907"}],"wp:term":[{"taxonomy":"category","embeddable":true,"href":"https:\/\/www.europesays.com\/ro\/wp-json\/wp\/v2\/categories?post=67907"},{"taxonomy":"post_tag","embeddable":true,"href":"https:\/\/www.europesays.com\/ro\/wp-json\/wp\/v2\/tags?post=67907"}],"curies":[{"name":"wp","href":"https:\/\/api.w.org\/{rel}","templated":true}]}}