{"id":68055,"date":"2025-12-18T11:06:09","date_gmt":"2025-12-18T11:06:09","guid":{"rendered":"https:\/\/www.europesays.com\/ro\/68055\/"},"modified":"2025-12-18T11:06:09","modified_gmt":"2025-12-18T11:06:09","slug":"lovitura-grea-pentru-soferii-cu-masini-vechi-impozitele-ar-urma-sa-fie-majorate-drastic-de-la-1-ianuarie-2026-ce-pregateste-guvernul","status":"publish","type":"post","link":"https:\/\/www.europesays.com\/ro\/68055\/","title":{"rendered":"Lovitur\u0103 grea pentru \u0219oferii cu ma\u0219ini vechi: Impozitele ar urma s\u0103 fie majorate drastic de la 1 ianuarie 2026. Ce preg\u0103te\u0219te Guvernul"},"content":{"rendered":"<p>Lovitur\u0103 grea pentru \u0219oferii cu ma\u0219ini vechi: Impozitele ar urma s\u0103 fie majorate drastic de la 1 ianuarie 2026. Ce preg\u0103te\u0219te Guvernul<\/p>\n<p style=\"text-align: justify;\">Ministerul de Interne a centralizat toate datele despre ma\u0219inile din Rom\u00e2nia, prin intermediul Direc\u021biei Generale Permise de Conducere \u0219i \u00cenmatricul\u0103ri. Ele urmeaz\u0103 s\u0103 fie trimise c\u0103tre toate prefecturile din \u021bar\u0103.<\/p>\n<p style=\"text-align: justify;\">Prim\u0103riile vor avea acces la istoricul automobilului \u0219i la noile clasific\u0103ri privind norma de poluare, ceea ce va genera un nou sistem de calcul al impozitului auto, pe baza datelor.<\/p>\n<p class=\"bodypostimgp\" style=\"text-align: justify;\"><img fetchpriority=\"high\" decoding=\"async\" class=\"aligncenter size-full wp-image-970410\" src=\"https:\/\/www.europesays.com\/ro\/wp-content\/uploads\/2025\/12\/poza-principala-advertorial-masini.webp.webp\" alt=\"\" width=\"1200\" height=\"675\"  \/><\/p>\n<p style=\"text-align: justify;\">M\u0103sura este una complementar\u0103, pentru c\u0103 la Guvern se adopt\u0103 OUG prin care toate prim\u0103riile vor fi obligate s\u0103 creasc\u0103 impozitele \u0219i taxele pe locuin\u021be \u0219i pe ma\u0219ini cu p\u00e2n\u0103 la 80%.<\/p>\n<p style=\"text-align: justify;\">\u00cen aceste condi\u021bii, \u00een special \u0219oferii care de\u021bin autovehicule mai vechi sau cu norm\u0103 de poluare ridicat\u0103 ori capacitate cilindric\u0103 mare se pot a\u0219tepta ca, \u00eencep\u00e2nd cu 1 ianuarie 2026, s\u0103 achite un impozit semnificativ mai mare dec\u00e2t cel actual, potrivit \u0218tiriPeSurse.<\/p>\n<p style=\"text-align: justify;\">Ministerul Afacerilor Interne, prin Direc\u021bia General\u0103 Permise de Conducere \u0219i \u00cenmatricul\u0103ri, a finalizat procesul de centralizare a datelor referitoare la norma de poluare a vehiculelor, conform prevederilor Legii 239 din 2025, care stabile\u0219te m\u0103suri de redresare \u0219i eficientizare a resurselor publice \u0219i aduce modific\u0103ri \u0219i complet\u0103ri unor acte normative.<\/p>\n<p style=\"text-align: justify;\">Datele referitoare la vehiculele \u00eenmatriculate \u00een fiecare unitate administrativ-teritorial\u0103 din \u021bar\u0103 vor fi transmise Institu\u021biei Prefectului din fiecare jude\u021b, precum \u0219i Municipiului Bucure\u0219ti, vineri, 19 decembrie 2025.<\/p>\n<p style=\"text-align: justify;\">\u00cencep\u00e2nd de a doua zi, s\u00e2mb\u0103t\u0103, 20 decembrie 2025, reprezentan\u021bii prim\u0103riilor vor putea prelua aceste informa\u021bii de la prefecturile jude\u021bene, \u00een conformitate cu atribu\u021biile legale care le revin.<\/p>\n<p style=\"text-align: justify;\">Datele sunt transmise \u00een condi\u021bii de securitate, respect\u00e2nd protocoalele specifice \u0219i prevederile privind protec\u021bia datelor personale.<\/p>\n<p style=\"text-align: justify;\">Conducerea Ministerului Afacerilor Interne a organizat ast\u0103zi, 17 decembrie 2025, o \u0219edin\u021b\u0103 prin videoconferin\u021b\u0103 cu prefec\u021bii, pentru a detalia mecanismul de transmitere a informa\u021biilor.<\/p>\n<p style=\"text-align: justify;\">,,Ordonatorii principali de credite ai bugetelor locale au obliga\u021bia de a comunica, Direc\u021biilor generale regionale ale finan\u021belor publice\/administra\u021biilor jude\u021bene ale finan\u0163elor publice hot\u0103r\u00e2rea consiliului local\/Consiliului General al Municipiului Bucure\u0219ti, \u00een termen de 3 zile lucr\u0103toare, de la data adopt\u0103rii.<\/p>\n<p style=\"text-align: justify;\">(3) \u00cen cazul nerespect\u0103rii prevederilor alin. (1) directorii direc\u021biilor generale regionale ale finan\u021belor publice\/\u0219efii administra\u021biilor jude\u021bene ale finan\u0163elor publice sisteaz\u0103 alimentarea at\u00e2t cu cote defalcate din impozitul pe venit, c\u00e2t \u015fi cu sume defalcate din unele venituri ale bugetului de stat pentru echilibrarea bugetelor locale, cu excep\u021bia pl\u0103\u021bilor pentru achitarea drepturilor salariale \u0219i a contribu\u021biilor aferente, inclusiv a drepturilor cuvenite asisten\u021bilor personali ai persoanelor cu handicap grav, precum \u0219i a indemniza\u021biilor lunare ale persoanelor cu handicap grav \u0219i a pl\u0103\u021bilor privind finan\u021barea sistemului de protec\u021bie social\u0103, dup\u0103 caz, atunci c\u00e2nd nu pot fi asigurate din venituri proprii.<\/p>\n<p style=\"text-align: justify;\">Alocarea \u0219i utilizarea cotelor defalcate din impozitul pe venit \u0219i a sumelor defalcate din unele venituri ale bugetului de stat pentru echilibrarea bugetelor locale, care au fost sistate \u00een condi\u021biile altor acte normative, se men\u021bin.<\/p>\n<p style=\"text-align: justify;\">(4) Alimentarea cu cote defalcate din impozitul pe venit \u015fi sume defalcate din unele venituri ale bugetului de stat pentru echilibrarea bugetelor locale, se reia la data la care autorit\u0103\u021bile administra\u021biei publice locale fac dovada aprob\u0103rii hot\u0103r\u00e2rii consiliului local\/Consiliului General al Municipiului Bucure\u0219ti pentru anul fiscal 2026.\u201d, arat\u0103 draftul de OUG potrivit sursei citate.<\/p>\n<p>            Sec\u021biune \u0218tiri sub articolul principal<\/p>\n<p class=\"wdg-google-news\">Urm\u0103ri\u021bi Ziarul Unirea \u0219i pe\u00a0\u00a0<a href=\"https:\/\/news.google.com\/publications\/CAAiEAaJUdJRjG_QA6aN1HEKAXsqFAgKIhAGiVHSUYxv0AOmjdRxCgF7?hl=ro&amp;gl=RO&amp;ceid=RO:ro\" target=\"_blank\" rel=\"noopener nofollow\" aria-label=\"GOOGLE \u0218TIRI\">GOOGLE \u0218TIRI<\/a><\/p>\n<p>            Ultimele \u0219tiri publicate \u00een Ziarul<br \/>\n                    Unirea<\/p>\n","protected":false},"excerpt":{"rendered":"Lovitur\u0103 grea pentru \u0219oferii cu ma\u0219ini vechi: Impozitele ar urma s\u0103 fie majorate drastic de la 1 ianuarie&hellip;\n","protected":false},"author":2,"featured_media":68056,"comment_status":"","ping_status":"","sticky":false,"template":"","format":"standard","meta":{"footnotes":"","_share_on_mastodon":"0"},"categories":[10],"tags":[1312,32,33,31,36,37,859,27,2294,34,35,19123,25,41,40,38,39,26,28,29,30],"class_list":["post-68055","post","type-post","status-publish","format-standard","has-post-thumbnail","category-romania","tag-bani","tag-breaking-news","tag-breakingnews","tag-cele-mai-populare-subiecte","tag-featured-news","tag-featurednews","tag-guvern","tag-headlines","tag-impozit","tag-latest-news","tag-latestnews","tag-masini-vechi","tag-news","tag-ro","tag-romana","tag-romania","tag-romanian","tag-stiri","tag-titluri","tag-top-stories","tag-topstories"],"share_on_mastodon":{"url":"https:\/\/pubeurope.com\/@ro\/115740251567583740","error":""},"_links":{"self":[{"href":"https:\/\/www.europesays.com\/ro\/wp-json\/wp\/v2\/posts\/68055","targetHints":{"allow":["GET"]}}],"collection":[{"href":"https:\/\/www.europesays.com\/ro\/wp-json\/wp\/v2\/posts"}],"about":[{"href":"https:\/\/www.europesays.com\/ro\/wp-json\/wp\/v2\/types\/post"}],"author":[{"embeddable":true,"href":"https:\/\/www.europesays.com\/ro\/wp-json\/wp\/v2\/users\/2"}],"replies":[{"embeddable":true,"href":"https:\/\/www.europesays.com\/ro\/wp-json\/wp\/v2\/comments?post=68055"}],"version-history":[{"count":0,"href":"https:\/\/www.europesays.com\/ro\/wp-json\/wp\/v2\/posts\/68055\/revisions"}],"wp:featuredmedia":[{"embeddable":true,"href":"https:\/\/www.europesays.com\/ro\/wp-json\/wp\/v2\/media\/68056"}],"wp:attachment":[{"href":"https:\/\/www.europesays.com\/ro\/wp-json\/wp\/v2\/media?parent=68055"}],"wp:term":[{"taxonomy":"category","embeddable":true,"href":"https:\/\/www.europesays.com\/ro\/wp-json\/wp\/v2\/categories?post=68055"},{"taxonomy":"post_tag","embeddable":true,"href":"https:\/\/www.europesays.com\/ro\/wp-json\/wp\/v2\/tags?post=68055"}],"curies":[{"name":"wp","href":"https:\/\/api.w.org\/{rel}","templated":true}]}}