{"id":76875,"date":"2025-12-29T11:06:09","date_gmt":"2025-12-29T11:06:09","guid":{"rendered":"https:\/\/www.europesays.com\/ro\/76875\/"},"modified":"2025-12-29T11:06:09","modified_gmt":"2025-12-29T11:06:09","slug":"out-a-platit-cu-postul-dupa-dezastrul-istoric-de-la-club","status":"publish","type":"post","link":"https:\/\/www.europesays.com\/ro\/76875\/","title":{"rendered":"OUT! A pl\u0103tit cu postul dup\u0103 dezastrul istoric de la club"},"content":{"rendered":"\n<ul class=\"bullets\">\n<li>\n<p>Media: Fotbal Club, luni, 19:45, DGS 1<\/p>\n<\/li>\n<li>\n<p>Serie A: Roma &#8211; Genoa, luni, 21:45, DGS 1<\/p>\n<\/li>\n<\/ul>\n<p>Clubul de pe Coasta de Azur nu a confirmat, dar a indicat c\u0103 va organiza luni la pr\u00e2nz o conferin\u0163\u0103 de pres\u0103 pentru prezentarea noului staff.<\/p>\n<p>Franck Haise, dat afar\u0103 de la Nice dup\u0103 cea mai slab\u0103 serie din istoria clubului!<\/p>\n<p>Dup\u0103 o serie de 9 \u00eenfr\u00e2ngeri consecutive, un record negativ \u00een istoria clubului, Nice s-a desp\u0103r\u0163it pe cale amiabil\u0103 de Haise, asta \u00een ciuda succesului din Cupa Fran\u0163ei contra lui Saint-Etienne (2-1), din weekend.<\/p>\n<p>Cele 9 \u00eenfr\u00e2ngeri suferite de Nice:<\/p>\n<ul>\n<li>PSG &#8211; Nice 1-0, 1 noiembrie<\/li>\n<li>Nice &#8211; Freiburg 1-3, 6 noiembrie<\/li>\n<li>Metz &#8211; Nice 2-1, 9 noiembrie<\/li>\n<li>Nice &#8211; Marseille 1-5, 21 noiembrie<\/li>\n<li>Porto &#8211; Nice 3-0, 27 noiembrie<\/li>\n<li>Lorient &#8211; Nice 3-1, 30 noiembrie<\/li>\n<li>Nice &#8211; Angers 0-1, 7 decembrie<\/li>\n<li>Nice &#8211; Braga 0-1, 11 decembrie<\/li>\n<li>Lens &#8211; Nice 2-0, 14 decembrie<\/li>\n<\/ul>\n<p>Claude Puel s-ar putea \u00eentoarce la Nice dup\u0103 zece ani de la primul s\u0103u mandat (2012-2016), al\u0103turi de Julien Sable ca secund. Puel, 64 ani, a antrenat-o ultima oar\u0103 pe Saint-Etienne (2019-2021).<\/p>\n<p> <a href=\"https:\/\/www.digisport.ro\/special\/aboneaza-te-la-canalul-de-whatsapp-digi-sport-si-afla-primul-cele-mai-importante-stiri-ale-zilei-din-sport-2686297\" target=\"_blank\" rel=\"noopener nofollow\"> <img decoding=\"async\" src=\"https:\/\/www.europesays.com\/ro\/wp-content\/uploads\/2025\/12\/1766681530_23_YXNoPTlmMDRmYWU3ZWMyYWQxMjEyMDczYWNmMWNkYTQ4ZDk5.jpg\"\/> <\/a><\/p>\n<p>Urm\u0103torul meci al lui Nice este acas\u0103 \u00eempotriva lui Strasbourg s\u00e2mb\u0103ta viitoare. Nice se afl\u0103 la 6 puncte deasupra zonei retrograd\u0103rii, scrie Agerpres.<\/p>\n<p>\u00cen afara terenului, juc\u0103torii, stafful \u015fi conducerea au fost confrunta\u0163i de tensiuni cu suporterii la \u00eenceputul lunii decembrie: aproape 200 de ultra\u015fi s-au adunat \u00een fa\u0163a centrului de antrenament pentru a-\u015fi exprima furia fa\u0163\u0103 de juc\u0103torii \u015fi conducerea echipei Nice, care tocmai se \u00eentorseser\u0103 dup\u0103 un meci la Lorient (1-3), a \u015fasea \u00eenfr\u00e2ngere consecutiv\u0103 \u00een toate competi\u0163iile la acea vreme.<\/p>\n<p>Potrivit mai multor martori la aceste incidente, atacan\u0163ii Terem Moffi \u015fi Jeremie Boga, precum \u015fi directorul sportiv Florian Maurice s-au num\u0103rat printre cei viza\u0163i.<\/p>\n<p>Juc\u0103torii \u015fi clubul au depus pl\u00e2ngeri \u00eempotriva unor persoane necunoscute \u015fi a fost deschis\u0103 o anchet\u0103 pentru &#8221;violen\u0163e agravate, participare la un grup care preg\u0103te\u015fte violen\u0163e sau daune \u015fi neprevenirea unei infrac\u0163iuni \u00eempotriva integrit\u0103\u0163ii corporale&#8221;.<\/p>\n<p>  Etichete:  <a href=\"https:\/\/www.digisport.ro\/eticheta\/ogc-nice\" rel=\"nofollow noopener\" target=\"_blank\">ogc nice<\/a> , <a href=\"https:\/\/www.digisport.ro\/eticheta\/claude-puel\" rel=\"nofollow noopener\" target=\"_blank\">claude puel<\/a> , <a href=\"https:\/\/www.digisport.ro\/eticheta\/franck-haise\" rel=\"nofollow noopener\" target=\"_blank\">franck haise<\/a>   <\/p>\n<p>Urm\u0103re\u0219te \u0219tirile digisport.ro \u0219i pe <a href=\"https:\/\/news.google.com\/publications\/CAAiENr1L9HFNMG5hpp5zTfVtpsqFAgKIhDa9S_RxTTBuYaaec031bab?ceid=RO:ro&amp;oc=3\" target=\"_blank\" rel=\"external nofollow noopener\">Google News<\/a><\/p>\n<p>   Noua Aplica\u0163ie Digi Sport poate fi desc\u0103rcat\u0103 din   <\/p>\n","protected":false},"excerpt":{"rendered":"Media: Fotbal Club, luni, 19:45, DGS 1 Serie A: Roma &#8211; Genoa, luni, 21:45, DGS 1 Clubul de&hellip;\n","protected":false},"author":2,"featured_media":76876,"comment_status":"","ping_status":"","sticky":false,"template":"","format":"standard","meta":{"footnotes":"","_share_on_mastodon":"0"},"categories":[20],"tags":[27112,27113,27111,41,40,38,39,185,184],"class_list":["post-76875","post","type-post","status-publish","format-standard","has-post-thumbnail","category-sport","tag-claude-puel","tag-franck-haise","tag-ogc-nice","tag-ro","tag-romana","tag-romania","tag-romanian","tag-sport","tag-sports"],"share_on_mastodon":{"url":"https:\/\/pubeurope.com\/@ro\/115802536847342638","error":""},"_links":{"self":[{"href":"https:\/\/www.europesays.com\/ro\/wp-json\/wp\/v2\/posts\/76875","targetHints":{"allow":["GET"]}}],"collection":[{"href":"https:\/\/www.europesays.com\/ro\/wp-json\/wp\/v2\/posts"}],"about":[{"href":"https:\/\/www.europesays.com\/ro\/wp-json\/wp\/v2\/types\/post"}],"author":[{"embeddable":true,"href":"https:\/\/www.europesays.com\/ro\/wp-json\/wp\/v2\/users\/2"}],"replies":[{"embeddable":true,"href":"https:\/\/www.europesays.com\/ro\/wp-json\/wp\/v2\/comments?post=76875"}],"version-history":[{"count":0,"href":"https:\/\/www.europesays.com\/ro\/wp-json\/wp\/v2\/posts\/76875\/revisions"}],"wp:featuredmedia":[{"embeddable":true,"href":"https:\/\/www.europesays.com\/ro\/wp-json\/wp\/v2\/media\/76876"}],"wp:attachment":[{"href":"https:\/\/www.europesays.com\/ro\/wp-json\/wp\/v2\/media?parent=76875"}],"wp:term":[{"taxonomy":"category","embeddable":true,"href":"https:\/\/www.europesays.com\/ro\/wp-json\/wp\/v2\/categories?post=76875"},{"taxonomy":"post_tag","embeddable":true,"href":"https:\/\/www.europesays.com\/ro\/wp-json\/wp\/v2\/tags?post=76875"}],"curies":[{"name":"wp","href":"https:\/\/api.w.org\/{rel}","templated":true}]}}