{"id":84677,"date":"2026-01-07T09:31:09","date_gmt":"2026-01-07T09:31:09","guid":{"rendered":"https:\/\/www.europesays.com\/ro\/84677\/"},"modified":"2026-01-07T09:31:09","modified_gmt":"2026-01-07T09:31:09","slug":"calificare-in-sferturi-pentru-razvan-lucescu-totul-s-a-decis-la-penalty-uri","status":"publish","type":"post","link":"https:\/\/www.europesays.com\/ro\/84677\/","title":{"rendered":"Calificare \u00een sferturi pentru R\u0103zvan Lucescu. Totul s-a decis la penalty-uri"},"content":{"rendered":"<p>Marti, 06 Ianuarie 2026, ora 23:12<\/p>\n<p>5084 citiri<\/p>\n<p><a class=\"news__image\" data-href=\"https:\/\/s1.ziareromania.ro\/?mmid=0a0b556a4da784e92d\" data-size=\"987x591\" title=\"Calificare \u00een sferturi pentru R\u0103zvan Lucescu. Totul s-a decis la penalty-uri\"><img decoding=\"async\" src=\"https:\/\/www.europesays.com\/ro\/wp-content\/uploads\/2026\/01\/Calificare---n-sferturi-pentru-R--zvan-Lucescu--Totul-s-a-decis-la-penalty-uri.jpg\" alt=\"Calificare \u00een sferturi pentru R\u0103zvan Lucescu. Totul s-a decis la penalty-uri\" title=\"Calificare \u00een sferturi pentru R\u0103zvan Lucescu. Totul s-a decis la penalty-uri\" class=\"img-responsive\"\/><\/a><\/p>\n<p>R\u0103zvan Lucescu FOTO Facebook PAOK<\/p>\n<p>Echipa greac\u0103 PAOK Salonic, antrenat\u0103 de rom\u00e2nul R\u0103zvan Lucescu, a \u00eenvins mar\u0163i seara, la lovituri de departajare, scor 5-4, forma\u0163ia Atromitos, \u00een play-off-ul Cupei Greciei. Dup\u0103 90 de minute scorul a fost 1-1. Cu aceast\u0103 victorie PAOK s-a calificat \u00een sferturi.<\/p>\n<p>Cele dou\u0103 echipe au \u00eencheiat la egalitate prima repriz\u0103, f\u0103r\u0103 gol marcat. Makana Baku a deschis scorul pentru Atromitos, \u00een minutul 52, dar noua achizi\u0163ie a lui PAOK, suedezul Alexander Jeremejeff a egalat dou\u0103 minute mai t\u00e2rziu. Cum primele 90 de minute s-au terminat tot la egalitate, 1-1, s-a trecut direct la lovituri de departajare.<\/p>\n<p>Aici, echipele au mers cap la cap, Atromitos rat\u00e2nd ultima lovitur\u0103 de departajare, ceea ce a dus la calificarea \u00een sferturi a lui PAOK, cu scorul de 5-4.<\/p>\n<p>Pentru echipa lui R\u0103zvan Lucescu au marcat de la punctul cu var Michailidis, Kenny, Kedziora, Taison \u015fi Giakoumakis, \u00een timp ce pentru Atromitos au \u00eenscris Tsamakis, Garcia, Palmezano \u015fi Mansur, iar Karamanis a ratat.<\/p>\n<p><a href=\"https:\/\/www.sentimente.ro\" target=\"_blank\" rel=\"nofollow noopener\">Traiesti pe pilot automat? Trafic. Job. Scroll. Somn. Preia controlul.<\/a>   <\/p>\n<p>\u021ai-a pl\u0103cut articolul?<\/p>\n<p> Vrem s\u0103 producem mai multe, \u00eens\u0103 avem nevoie de sus\u021binerea ta. Orice dona\u021bie conteaz\u0103 pentru jurnalismul independent <\/p>\n","protected":false},"excerpt":{"rendered":"Marti, 06 Ianuarie 2026, ora 23:12 5084 citiri R\u0103zvan Lucescu FOTO Facebook PAOK Echipa greac\u0103 PAOK Salonic, antrenat\u0103&hellip;\n","protected":false},"author":2,"featured_media":84678,"comment_status":"","ping_status":"","sticky":false,"template":"","format":"standard","meta":{"footnotes":"","_share_on_mastodon":"0"},"categories":[20],"tags":[2535,24696,832,2466,41,40,38,39,10251,185,184],"class_list":["post-84677","post","type-post","status-publish","format-standard","has-post-thumbnail","category-sport","tag-calificare","tag-cupa-greciei","tag-penalty","tag-razvan-lucescu","tag-ro","tag-romana","tag-romania","tag-romanian","tag-sferturi","tag-sport","tag-sports"],"share_on_mastodon":{"url":"https:\/\/pubeurope.com\/@ro\/115853124065602690","error":""},"_links":{"self":[{"href":"https:\/\/www.europesays.com\/ro\/wp-json\/wp\/v2\/posts\/84677","targetHints":{"allow":["GET"]}}],"collection":[{"href":"https:\/\/www.europesays.com\/ro\/wp-json\/wp\/v2\/posts"}],"about":[{"href":"https:\/\/www.europesays.com\/ro\/wp-json\/wp\/v2\/types\/post"}],"author":[{"embeddable":true,"href":"https:\/\/www.europesays.com\/ro\/wp-json\/wp\/v2\/users\/2"}],"replies":[{"embeddable":true,"href":"https:\/\/www.europesays.com\/ro\/wp-json\/wp\/v2\/comments?post=84677"}],"version-history":[{"count":0,"href":"https:\/\/www.europesays.com\/ro\/wp-json\/wp\/v2\/posts\/84677\/revisions"}],"wp:featuredmedia":[{"embeddable":true,"href":"https:\/\/www.europesays.com\/ro\/wp-json\/wp\/v2\/media\/84678"}],"wp:attachment":[{"href":"https:\/\/www.europesays.com\/ro\/wp-json\/wp\/v2\/media?parent=84677"}],"wp:term":[{"taxonomy":"category","embeddable":true,"href":"https:\/\/www.europesays.com\/ro\/wp-json\/wp\/v2\/categories?post=84677"},{"taxonomy":"post_tag","embeddable":true,"href":"https:\/\/www.europesays.com\/ro\/wp-json\/wp\/v2\/tags?post=84677"}],"curies":[{"name":"wp","href":"https:\/\/api.w.org\/{rel}","templated":true}]}}