{"id":86020,"date":"2026-01-08T15:18:07","date_gmt":"2026-01-08T15:18:07","guid":{"rendered":"https:\/\/www.europesays.com\/ro\/86020\/"},"modified":"2026-01-08T15:18:07","modified_gmt":"2026-01-08T15:18:07","slug":"asus-ia-pauza-de-la-productia-de-telefoane-in-2026","status":"publish","type":"post","link":"https:\/\/www.europesays.com\/ro\/86020\/","title":{"rendered":"ASUS ia pauz\u0103 de la produc\u021bia de telefoane \u00een 2026"},"content":{"rendered":"<p>Umbla vorba prin t\u00e2rg c\u0103 data de 31 decembrie 2025 va fi ziua \u00een care ASUS va renun\u021ba la produc\u021bia de telefoane, iar acum c\u0103 am p\u0103\u0219it \u00een noul an avem \u0219i-o clarificare din partea produc\u0103torului taiwanez. Se pare c\u0103 divizia de smartphone-uri va r\u0103m\u00e2ne activ\u0103, doar c\u0103 se va concentra doar pe zona de mentenan\u021b\u0103 \u0219i suport software. Totu\u0219i, o parte dintre zvonuri s-au adeverit, astfel c\u0103 ASUS nu are \u00een plan nicio lansare de smartphone \u00een 2026.<\/p>\n<p>Aceast\u0103 decizie vine dup\u0103 ani buni \u00een care ASUS a fost prezent pe pia\u021ba de smartphone-uri. Din nefericire n-a reu\u0219it niciodat\u0103 s\u0103 se impun\u0103 drept unul dintre marii produc\u0103tori de telefoane, iar asta a dus la str\u00e2mtorarea ofertei. \u00cen ultimii ani am v\u0103zut doar lans\u0103ri anuale de ZenFone \u0219i ROG Phone, iar f\u0103r\u0103 solu\u021bii pe pie\u021bele low-end \u0219i mid-range, lumea nu prea a dat aten\u021bie.<\/p>\n<p>Situa\u021bia asta nu este neap\u0103rat nou\u0103, produc\u0103torii de hardware pentru PC av\u00e2nd un record slab pe pia\u021ba de telefoane. Acer au \u00eencercat \u00eentr-o vreme s\u0103 lanseze telefoane, dar \u0219i povestea aia s-a \u00eencheiat repede. \u021ain minte c\u0103 am avut telefoane \u0219i de la BenQ c\u00e2ndva, \u00eens\u0103 nimic care s\u0103 reziste la testul timpului. Putem spune c\u0103 ASUS a spart pu\u021bin tiparul, iar aceast\u0103 pauz\u0103 ar putea fi la fel de bine una de respiro \u00eentr-o industrie suprasaturat\u0103 cu lans\u0103ri anuale.<\/p>\n","protected":false},"excerpt":{"rendered":"Umbla vorba prin t\u00e2rg c\u0103 data de 31 decembrie 2025 va fi ziua \u00een care ASUS va renun\u021ba&hellip;\n","protected":false},"author":2,"featured_media":86021,"comment_status":"","ping_status":"","sticky":false,"template":"","format":"standard","meta":{"footnotes":"","_share_on_mastodon":"0"},"categories":[16],"tags":[3074,41,29219,40,38,39,340,141,124,18586,29220],"class_list":["post-86020","post","type-post","status-publish","format-standard","has-post-thumbnail","category-tehnologie","tag-asus","tag-ro","tag-rog-phone","tag-romana","tag-romania","tag-romanian","tag-smartphone","tag-technology","tag-tehnologie","tag-telefon-de-gaming","tag-zenfone"],"share_on_mastodon":{"url":"https:\/\/pubeurope.com\/@ro\/115860150822978407","error":""},"_links":{"self":[{"href":"https:\/\/www.europesays.com\/ro\/wp-json\/wp\/v2\/posts\/86020","targetHints":{"allow":["GET"]}}],"collection":[{"href":"https:\/\/www.europesays.com\/ro\/wp-json\/wp\/v2\/posts"}],"about":[{"href":"https:\/\/www.europesays.com\/ro\/wp-json\/wp\/v2\/types\/post"}],"author":[{"embeddable":true,"href":"https:\/\/www.europesays.com\/ro\/wp-json\/wp\/v2\/users\/2"}],"replies":[{"embeddable":true,"href":"https:\/\/www.europesays.com\/ro\/wp-json\/wp\/v2\/comments?post=86020"}],"version-history":[{"count":0,"href":"https:\/\/www.europesays.com\/ro\/wp-json\/wp\/v2\/posts\/86020\/revisions"}],"wp:featuredmedia":[{"embeddable":true,"href":"https:\/\/www.europesays.com\/ro\/wp-json\/wp\/v2\/media\/86021"}],"wp:attachment":[{"href":"https:\/\/www.europesays.com\/ro\/wp-json\/wp\/v2\/media?parent=86020"}],"wp:term":[{"taxonomy":"category","embeddable":true,"href":"https:\/\/www.europesays.com\/ro\/wp-json\/wp\/v2\/categories?post=86020"},{"taxonomy":"post_tag","embeddable":true,"href":"https:\/\/www.europesays.com\/ro\/wp-json\/wp\/v2\/tags?post=86020"}],"curies":[{"name":"wp","href":"https:\/\/api.w.org\/{rel}","templated":true}]}}