{"id":91083,"date":"2026-01-14T12:43:07","date_gmt":"2026-01-14T12:43:07","guid":{"rendered":"https:\/\/www.europesays.com\/ro\/91083\/"},"modified":"2026-01-14T12:43:07","modified_gmt":"2026-01-14T12:43:07","slug":"profesoara-venita-din-spania-sa-predea-in-romania-uluita-de-nivelul-academic-scazut-din-scolile-romanesti-trebuie-sa-le-dau-socoteala-parintilor-pentru-o-nota-mica","status":"publish","type":"post","link":"https:\/\/www.europesays.com\/ro\/91083\/","title":{"rendered":"Profesoara venit\u0103 din Spania s\u0103 predea \u00een Rom\u00e2nia, uluit\u0103 de nivelul academic sc\u0103zut din \u0219colile rom\u00e2ne\u0219ti \/ \u201eTrebuie s\u0103 le dau socoteal\u0103 p\u0103rin\u021bilor pentru o not\u0103 mic\u0103\u201d"},"content":{"rendered":"<p id=\"p-0\">E greu s\u0103 fii profesor \u00een Rom\u00e2nia, dar \u0219i mai greu e s\u0103 vii dintr-un sistem de \u00eenv\u0103\u021b\u0103m\u00e2nt pe care-l crezi falimentar \u00eentr-un alt sistem, cu mult mai r\u0103u dec\u00e2t cel din care ai plecat.<\/p>\n<p id=\"p-1\">Atunci, \u00eentreaga paradigm\u0103 \u021bi se reconfigureaz\u0103 \u0219i \u00eencepi s\u0103 apreciezi cu adev\u0103rat lucrurile care conteaz\u0103.<\/p>\n<p>Se doarme cu capul pe banc\u0103, ceea ce \u00een Spania ar fi inacceptabil<\/p>\n<p id=\"p-2\">Carmen a avut astfel de \u0219oc c\u00e2nd a venit din sistemul de \u00eenv\u0103\u021b\u0103m\u00e2nt spaniol \u00een cel rom\u00e2nesc.<\/p>\n<p id=\"p-3\">Ea pred\u0103 spaniola de trei ani \u00eentr-un liceu bilingv din Bucure\u0219ti \u0219i ceea ce a povestit \u00een podcastul Fortfast WTF, pe YouTube, a fost de-a dreptul halucinant.<\/p>\n<p id=\"p-4\">De la nivelul sc\u0103zut al a\u0219tept\u0103rilor academice \u00een Rom\u00e2nia p\u00e2n\u0103 la dormitul cu capul pe banc\u0103, pentru Carmen, totul a fost un \u0219oc continuu.<\/p>\n<p id=\"p-5\">Tot ce se \u00eent\u00e2mpl\u0103 \u00een timpul orelor \u00een <a href=\"https:\/\/www.mediafax.ro\/social\/cursuri-mutate-online-in-mai-multe-judete-din-cauza-vremii-23670727\" rel=\"nofollow noopener\" target=\"_blank\">\u0219colile<\/a> din Rom\u00e2nia \u00een Spania ar fi inacceptabil.<\/p>\n<p id=\"p-6\">\u201dS\u0103 dormi cu capul pe banc\u0103 \u00een Spania ar fi de neconceput, dar aici e normal\u201d.<\/p>\n<p>\u201eO fat\u0103 a ie\u0219it din clas\u0103 pentru c\u0103 i-a venit livrarea de m\u00e2ncare\u201d<\/p>\n<p id=\"p-7\">Copiii vorbesc \u00een timpul orei, fac g\u0103l\u0103gie, nu stau \u00een b\u0103nci, ies \u0219i intr\u0103 \u00een clas\u0103 dup\u0103 bunul plac.<\/p>\n<p id=\"p-8\">\u201eO fat\u0103 s-a ridicat \u00een timpul orei spun\u00e2ndu-mi c\u0103 trebuie s\u0103 ias\u0103 c\u0103 i-a venit m\u00e2ncarea de la KFC\u201d, a povestit aceasta, dup\u0103 care, a derulat \u00eentregul film: fata iese din clas\u0103, se \u00eent\u00e2lne\u0219te cu livratorul \u0219i apoi vine \u00eenapoi cu pachetul de m\u00e2ncare \u0219i \u00eencepe s\u0103 m\u0103n\u00e2nce chiar atunci, \u00een timpul orei.<\/p>\n<p>\u201eDac\u0103 nu fac nimic, iau 8. Pentru ei, 8 este \u00een regul\u0103\u201d<\/p>\n<p id=\"p-9\">Carmen nu se poate acomoda cu lipsa de exigen\u021b\u0103 academic\u0103 din Rom\u00e2nia.<\/p>\n<p id=\"p-10\">Copiii au rezultate foarte slabe, iar p\u0103rin\u021bii vin la \u0219coal\u0103 cu o falc\u0103-n cer \u0219i una-n p\u0103m\u00e2nt dac\u0103 un profesor \u00eendr\u0103zne\u0219te s\u0103-i dea 7 sau chiar 4 copilului lor.<\/p>\n<p id=\"p-11\">\u201e\u00cen Rom\u00e2nia sistemul de notare este de la 0 la 10, dar copiii au interiorizat faptul c\u0103 dac\u0103 nu fac nimic iau 8. Pentru ei, 8 este \u00een regul\u0103\u201d, spune Carmen, care poveste\u0219te cu un soi de amuzament amar cum trebuie s\u0103 le explice p\u0103rin\u021bilor c\u0103, de fapt, copiii lor nu sunt acele genii pe care-i cred ei.<\/p>\n<p id=\"p-12\">\u201eDe fapt, mi-au spus c\u0103 sunt o comunist\u0103. Ceea ce vreau s\u0103 \u00ee\u021bi spun este c\u0103 sunt foarte rea pentru c\u0103 le dau, c\u00e2teodat\u0103, c\u00e2te un patru. Se uit\u0103 la mine sup\u0103ra\u021bi \u0219i \u00eemi spun: comunist\u0103, comunist\u0103\u201d, spune Carmen.<\/p>\n<p>\u201eCopiii nu sunt geniile pe care-i cred p\u0103rin\u021bii\u201d<\/p>\n<p id=\"p-14\">De c\u00e2nd pred\u0103 \u00een Rom\u00e2nia, Carmen e mult mai recunosc\u0103toare pentru sistemul de \u00eenv\u0103\u021b\u0103m\u00e2nt din Spania.<\/p>\n<p id=\"p-15\">\u201e\u00cen Spania credeam c\u0103 voi muri dac\u0103 ajung s\u0103 m\u0103 opereze elevii mei, dar acum sper s\u0103 fie ei\u201d, spune ea.<\/p>\n<p id=\"p-16\">\u201eNivelul de exigen\u021b\u0103 din Rom\u00e2nia este extrem de sc\u0103zut. De fapt, cred c\u0103 au fost din nou ultimii \u00een raportul PISA. E o alt\u0103 lume\u201d, a spus Carmen, care a pus accentul pe ideea c\u0103 \u00een Rom\u00e2nia spiritul competitiv \u0219colar este la p\u0103m\u00e2nt.<\/p>\n<p id=\"p-17\">Pentru Carmen, lipsa de disciplin\u0103 \u0219i de rigoare din \u0219colile rom\u00e2ne\u0219ti ar fi cu totul inacceptabil\u0103 \u00een Spania. \u201e\u00cen Rom\u00e2nia, dac\u0103-i dau 4 unui copil, m\u0103 fac comunist\u0103\u201d, spune ea.<\/p>\n","protected":false},"excerpt":{"rendered":"E greu s\u0103 fii profesor \u00een Rom\u00e2nia, dar \u0219i mai greu e s\u0103 vii dintr-un sistem de \u00eenv\u0103\u021b\u0103m\u00e2nt&hellip;\n","protected":false},"author":2,"featured_media":91084,"comment_status":"","ping_status":"","sticky":false,"template":"","format":"standard","meta":{"footnotes":"","_share_on_mastodon":"0"},"categories":[10],"tags":[30382,32,33,31,4764,36,37,27,34,35,25,12469,41,40,38,39,30383,26,28,29,30],"class_list":["post-91083","post","type-post","status-publish","format-standard","has-post-thumbnail","category-romania","tag-biling","tag-breaking-news","tag-breakingnews","tag-cele-mai-populare-subiecte","tag-educatie","tag-featured-news","tag-featurednews","tag-headlines","tag-latest-news","tag-latestnews","tag-news","tag-profesoara","tag-ro","tag-romana","tag-romania","tag-romanian","tag-scolile-romanesti","tag-stiri","tag-titluri","tag-top-stories","tag-topstories"],"share_on_mastodon":{"url":"https:\/\/pubeurope.com\/@ro\/115893515398406653","error":""},"_links":{"self":[{"href":"https:\/\/www.europesays.com\/ro\/wp-json\/wp\/v2\/posts\/91083","targetHints":{"allow":["GET"]}}],"collection":[{"href":"https:\/\/www.europesays.com\/ro\/wp-json\/wp\/v2\/posts"}],"about":[{"href":"https:\/\/www.europesays.com\/ro\/wp-json\/wp\/v2\/types\/post"}],"author":[{"embeddable":true,"href":"https:\/\/www.europesays.com\/ro\/wp-json\/wp\/v2\/users\/2"}],"replies":[{"embeddable":true,"href":"https:\/\/www.europesays.com\/ro\/wp-json\/wp\/v2\/comments?post=91083"}],"version-history":[{"count":0,"href":"https:\/\/www.europesays.com\/ro\/wp-json\/wp\/v2\/posts\/91083\/revisions"}],"wp:featuredmedia":[{"embeddable":true,"href":"https:\/\/www.europesays.com\/ro\/wp-json\/wp\/v2\/media\/91084"}],"wp:attachment":[{"href":"https:\/\/www.europesays.com\/ro\/wp-json\/wp\/v2\/media?parent=91083"}],"wp:term":[{"taxonomy":"category","embeddable":true,"href":"https:\/\/www.europesays.com\/ro\/wp-json\/wp\/v2\/categories?post=91083"},{"taxonomy":"post_tag","embeddable":true,"href":"https:\/\/www.europesays.com\/ro\/wp-json\/wp\/v2\/tags?post=91083"}],"curies":[{"name":"wp","href":"https:\/\/api.w.org\/{rel}","templated":true}]}}