{"id":93540,"date":"2026-01-17T10:49:10","date_gmt":"2026-01-17T10:49:10","guid":{"rendered":"https:\/\/www.europesays.com\/ro\/93540\/"},"modified":"2026-01-17T10:49:10","modified_gmt":"2026-01-17T10:49:10","slug":"prima-imagine-din-noul-tomb-raider","status":"publish","type":"post","link":"https:\/\/www.europesays.com\/ro\/93540\/","title":{"rendered":"Prima imagine din noul Tomb Raider!"},"content":{"rendered":"<p>E mai bine de un an de c\u00e2nd am aflat c\u0103 <a href=\"https:\/\/www.cinemagia.ro\/actori\/sophie-turner-518288\/\" class=\"actor_light_info\" rel=\"nofollow noopener\" target=\"_blank\">Sophie Turner<\/a>, pe care o \u015ftim cu to\u0163ii din Game of Thrones \u015fi o vom vedea cur\u00e2nd \u00een <a href=\"https:\/\/www.cinemagia.ro\/filme\/steal-3326979\/\" class=\"movie_light_info\" rel=\"nofollow noopener\" target=\"_blank\">Steal<\/a>, <a href=\"https:\/\/www.cinemagia.ro\/stiri\/cele-mai-asteptate-seriale-din-2026-i-54129\/\" rel=\"nofollow noopener\" target=\"_blank\">unul dintre cele mai a\u015fteptate seriale din ianuarie<\/a>, preia rolul Larei Croft de la Angelina Jolie \u015fi Alicia Vikander. Iat\u0103 c\u0103 Prime Video lanseaz\u0103 prima imagine cu Turner \u00een rol \u015fi \u00een postura at\u00e2t de familiar\u0103 a personajului.<\/p>\n<p>Creatoarea serialului este Phoebe Waller-Bridge (mai e cineva care nu a v\u0103zut Fleabag?), care e posibil s\u0103 actualizeze \u015fi s\u0103 modernizeze personajul. Al\u0103turi de Turner, \u00een serial \u00eei vom vedea \u015fi pe <a href=\"https:\/\/www.cinemagia.ro\/actori\/sigourney-weaver-2841\/\" class=\"actor_light_info\" rel=\"nofollow noopener\" target=\"_blank\">Sigourney Weaver<\/a>, <a href=\"https:\/\/www.cinemagia.ro\/actori\/jason-isaacs-3923\/\" class=\"actor_light_info\" rel=\"nofollow noopener\" target=\"_blank\">Jason Isaacs<\/a>, Martin Bobb-Semple, Jack Bannon, John Heffernan, Bill Paterson, Paterson Joseph, Sasha Luss, Juliette Motamed, <a href=\"https:\/\/www.cinemagia.ro\/actori\/celia-imrie-868\/\" class=\"actor_light_info\" rel=\"nofollow noopener\" target=\"_blank\">Celia Imrie<\/a> \u015fi August Wittgenstein, anun\u0163\u0103 Variety.<\/p>\n<p>O dat\u0103 cu prima fotografie, au fost anun\u0163ate \u015fi numele personajelor. A\u015fa am aflat c\u0103 Jason Isaacs \u00eel interpreteaz\u0103 pe unchiul eroinei, Atlas DeMorney, iar Sigourney Weaver pe Evelyn Wallis, descris\u0103 drept o &#8222;femeie influent\u0103 care abia a\u015fteapt\u0103 s\u0103 profite de aptitudinile Larei&#8221;. Putem u\u015for presupune c\u0103 Weaver va fi antagonista serialului. Alte personaje interpreteaz\u0103 reprezentan\u0163i ai autorit\u0103\u0163ilor, suger\u00e2nd c\u0103 Lara ar putea fi v\u00e2nat\u0103 de acestea, iar Celia Imrie (v\u0103zut\u0103 cel mai recent \u00een The Diplomat) pe Francine, o reprezentant\u0103 a British Museum.<\/p>\n<p>Nu se \u015ftie \u00een acest moment c\u00e2nd se va lansa serialul.<\/p>\n<p>Mai jos imaginea complet\u0103 cu Sophie Turner \u00een rolul Larei Croft.<\/p>\n<p><img decoding=\"async\" src=\"https:\/\/www.europesays.com\/ro\/wp-content\/uploads\/2026\/01\/211216l.jpg\" alt=\"\" border=\"0\"\/><\/p>\n","protected":false},"excerpt":{"rendered":"E mai bine de un an de c\u00e2nd am aflat c\u0103 Sophie Turner, pe care o \u015ftim cu&hellip;\n","protected":false},"author":2,"featured_media":93541,"comment_status":"","ping_status":"","sticky":false,"template":"","format":"standard","meta":{"footnotes":"","_share_on_mastodon":"0"},"categories":[18],"tags":[30975,171,170,30976,30974,41,40,38,39,30977,13151,30978],"class_list":["post-93540","post","type-post","status-publish","format-standard","has-post-thumbnail","category-divertisment","tag-celia-imrie","tag-divertisment","tag-entertainment","tag-jason-isaacs","tag-prima-imagine-din-noul-tomb-raider","tag-ro","tag-romana","tag-romania","tag-romanian","tag-sigourney-weaver","tag-sophie-turner","tag-steal-steal"],"share_on_mastodon":{"url":"https:\/\/pubeurope.com\/@ro\/115910053890143867","error":""},"_links":{"self":[{"href":"https:\/\/www.europesays.com\/ro\/wp-json\/wp\/v2\/posts\/93540","targetHints":{"allow":["GET"]}}],"collection":[{"href":"https:\/\/www.europesays.com\/ro\/wp-json\/wp\/v2\/posts"}],"about":[{"href":"https:\/\/www.europesays.com\/ro\/wp-json\/wp\/v2\/types\/post"}],"author":[{"embeddable":true,"href":"https:\/\/www.europesays.com\/ro\/wp-json\/wp\/v2\/users\/2"}],"replies":[{"embeddable":true,"href":"https:\/\/www.europesays.com\/ro\/wp-json\/wp\/v2\/comments?post=93540"}],"version-history":[{"count":0,"href":"https:\/\/www.europesays.com\/ro\/wp-json\/wp\/v2\/posts\/93540\/revisions"}],"wp:featuredmedia":[{"embeddable":true,"href":"https:\/\/www.europesays.com\/ro\/wp-json\/wp\/v2\/media\/93541"}],"wp:attachment":[{"href":"https:\/\/www.europesays.com\/ro\/wp-json\/wp\/v2\/media?parent=93540"}],"wp:term":[{"taxonomy":"category","embeddable":true,"href":"https:\/\/www.europesays.com\/ro\/wp-json\/wp\/v2\/categories?post=93540"},{"taxonomy":"post_tag","embeddable":true,"href":"https:\/\/www.europesays.com\/ro\/wp-json\/wp\/v2\/tags?post=93540"}],"curies":[{"name":"wp","href":"https:\/\/api.w.org\/{rel}","templated":true}]}}