{"id":94609,"date":"2026-01-19T09:23:06","date_gmt":"2026-01-19T09:23:06","guid":{"rendered":"https:\/\/www.europesays.com\/ro\/94609\/"},"modified":"2026-01-19T09:23:06","modified_gmt":"2026-01-19T09:23:06","slug":"asus-nu-va-extinde-linia-smartphone-anul-acesta","status":"publish","type":"post","link":"https:\/\/www.europesays.com\/ro\/94609\/","title":{"rendered":"Asus nu va extinde linia smartphone anul acesta"},"content":{"rendered":"<p>Dup\u0103 primele specula\u021bii conform c\u0103rora Asus va renun\u021ba la linia de smartphone \u00een 2026, un oficial al companiei a vorbit despre aceast\u0103 decizie, confirm\u00e2nd informa\u021biile.<\/p>\n<p>Asus ia o pauz\u0103 de la linia smartphone<\/p>\n<p>Dup\u0103 <a href=\"https:\/\/www.connect.ro\/2024\/11\/19\/rog-phone-9-pro-review-un-telefon-la-fel-de-performant-ca-un-laptop\/\" target=\"_blank\" rel=\"nofollow noopener\">ROG Phone 9 Pro<\/a> \u0219i <a href=\"https:\/\/www.connect.ro\/2025\/02\/06\/zenfone-12-ultra-pret-si-performanta-de-flagship-dar-depasit-la-doua-capitole-importante\/\" target=\"_blank\" rel=\"nofollow noopener\">Zenfone 12 Ultra<\/a>, compania taiwanez\u0103 confirm\u0103 informa\u021biile c\u0103 <a href=\"https:\/\/www.connect.ro\/2026\/01\/08\/asus-ia-pauza-de-la-productia-de-telefoane-in-2026\/\" target=\"_blank\" rel=\"nofollow noopener\">ia o pauz\u0103<\/a> de la seria smartphone.<\/p>\n<p>La \u00eent\u00e2lnirea de sf\u00e2r\u0219it de an a angaja\u021bilor Asus, care a avut loc la Centrul Expozi\u021bional Nangang din Taipei, pre\u0219edintele Jonney Shih a confirmat c\u0103 firma <a href=\"https:\/\/www.gizmochina.com\/2026\/01\/18\/asus-smartphone-strategy-update-ai-focus-2026\/\" target=\"_blank\" rel=\"nofollow noopener\">nu \u00ee\u0219i va extinde<\/a> liniile de smartphone. El a declarat c\u0103 Asus nu va ad\u0103uga noi modele de telefoane \u0219i nici nu va introduce categorii suplimentare de produse \u00een portofoliul s\u0103u de telefoane. Acest lucru semnaleaz\u0103, practic, c\u0103 Asus ia o pauz\u0103 \u00een extinderea seriei, nu este doar o \u00eent\u00e2rziere pe termen scurt.<\/p>\n<p>\u201eV\u0103 mul\u021bumesc pentru munca depus\u0103! Mul\u021bumesc echipei ASUS pentru d\u0103ruirea, munca asidu\u0103 \u0219i eforturile depuse \u00een crearea celor mai bune aplica\u021bii \u0219i \u00een oferirea unui bilan\u021b at\u00e2t de bun.\u201d Apoi a schimbat serios subiectul \u0219i a stabilit tonul pentru direc\u021bia viitoare a ASUS \u2013 implementarea complet\u0103 a strategiei \u201eAll in on AI\u201d.<\/p>\n<p>Av\u00e2nd \u00een vedere c\u0103 extinderea smartphone-urilor a fost scoas\u0103 din agend\u0103, Asus \u00ee\u0219i redirec\u021bioneaz\u0103 aten\u021bia c\u0103tre hardware-ul bazat pe inteligen\u021b\u0103 artificial\u0103. Compania inten\u021bioneaz\u0103 s\u0103 investeasc\u0103 mai mult \u00een sisteme centrate pe inteligen\u021b\u0103 artificial\u0103, inclusiv ma\u0219ini inteligente, robotic\u0103 \u0219i dispozitive de calcul de la marginea pie\u021bei, capabile s\u0103 func\u021bioneze cu o interven\u021bie uman\u0103 minim\u0103.<\/p>\n<p>Asus consider\u0103 c\u0103 cre\u0219terea pe termen lung va proveni din construirea a ceea ce descrie ca fiind produse fizice de inteligen\u021b\u0103 artificial\u0103, mai degrab\u0103 dec\u00e2t s\u0103 se bazeze pe v\u00e2nz\u0103rile de smartphone-uri pentru consumatori. Aceasta include servere de inteligen\u021b\u0103 artificial\u0103, sisteme de nivel enterprise \u0219i platforme integrate care combin\u0103 designul hardware cu software avansat de inteligen\u021b\u0103 artificial\u0103.<\/p>\n<p>Pentru smartphone-uri, aceast\u0103 schimbare \u00eenseamn\u0103 continuitate, dar f\u0103r\u0103 cre\u0219tere. Telefoanele Asus vor primi \u00een continuare suport tehnic \u0219i actualiz\u0103ri, dar nu mai sunt pozi\u021bionate ca un motor principal de cre\u0219tere, pe m\u0103sur\u0103 ce compania se \u00eendreapt\u0103 c\u0103tre un viitor axat pe inteligen\u021ba artificial\u0103.<\/p>\n","protected":false},"excerpt":{"rendered":"Dup\u0103 primele specula\u021bii conform c\u0103rora Asus va renun\u021ba la linia de smartphone \u00een 2026, un oficial al companiei&hellip;\n","protected":false},"author":2,"featured_media":94610,"comment_status":"","ping_status":"","sticky":false,"template":"","format":"standard","meta":{"footnotes":"","_share_on_mastodon":"0"},"categories":[16],"tags":[3074,41,29219,40,38,39,340,141,124,29220],"class_list":["post-94609","post","type-post","status-publish","format-standard","has-post-thumbnail","category-tehnologie","tag-asus","tag-ro","tag-rog-phone","tag-romana","tag-romania","tag-romanian","tag-smartphone","tag-technology","tag-tehnologie","tag-zenfone"],"share_on_mastodon":{"url":"https:\/\/pubeurope.com\/@ro\/115921040317620302","error":""},"_links":{"self":[{"href":"https:\/\/www.europesays.com\/ro\/wp-json\/wp\/v2\/posts\/94609","targetHints":{"allow":["GET"]}}],"collection":[{"href":"https:\/\/www.europesays.com\/ro\/wp-json\/wp\/v2\/posts"}],"about":[{"href":"https:\/\/www.europesays.com\/ro\/wp-json\/wp\/v2\/types\/post"}],"author":[{"embeddable":true,"href":"https:\/\/www.europesays.com\/ro\/wp-json\/wp\/v2\/users\/2"}],"replies":[{"embeddable":true,"href":"https:\/\/www.europesays.com\/ro\/wp-json\/wp\/v2\/comments?post=94609"}],"version-history":[{"count":0,"href":"https:\/\/www.europesays.com\/ro\/wp-json\/wp\/v2\/posts\/94609\/revisions"}],"wp:featuredmedia":[{"embeddable":true,"href":"https:\/\/www.europesays.com\/ro\/wp-json\/wp\/v2\/media\/94610"}],"wp:attachment":[{"href":"https:\/\/www.europesays.com\/ro\/wp-json\/wp\/v2\/media?parent=94609"}],"wp:term":[{"taxonomy":"category","embeddable":true,"href":"https:\/\/www.europesays.com\/ro\/wp-json\/wp\/v2\/categories?post=94609"},{"taxonomy":"post_tag","embeddable":true,"href":"https:\/\/www.europesays.com\/ro\/wp-json\/wp\/v2\/tags?post=94609"}],"curies":[{"name":"wp","href":"https:\/\/api.w.org\/{rel}","templated":true}]}}