{"id":96226,"date":"2026-01-21T09:11:09","date_gmt":"2026-01-21T09:11:09","guid":{"rendered":"https:\/\/www.europesays.com\/ro\/96226\/"},"modified":"2026-01-21T09:11:09","modified_gmt":"2026-01-21T09:11:09","slug":"numele-steaua-vorbeste-de-la-sine-noul-transfer-al-campioanei-ofri-arad-in-clipa-in-care-am-auzit-de-steaua-a-fost-o-decizie-usoara","status":"publish","type":"post","link":"https:\/\/www.europesays.com\/ro\/96226\/","title":{"rendered":"\u201eNumele Steaua vorbe\u0219te de la sine\u201d \/ Noul transfer al campioanei, Ofri Arad: \u201e\u00cen clipa \u00een care am auzit de Steaua a fost o decizie u\u0219oar\u0103\u201d"},"content":{"rendered":"<ul class=\"bullets\">&#13;<\/p>\n<li>Ofri Arad (27 de ani), al doilea transfer realizat de FCSB \u00een aceast\u0103 iarn\u0103, a explicat de ce a ales s\u0103 vin\u0103 la campioana Rom\u00e2niei.<\/li>\n<p>&#13;\n<\/ul>\n<p class=\"\">Israelianul, care va purta tricoul cu num\u0103rul 15 \u0219i are \u00een palmares trei titluri de campion cu Maccabi Haifa \u0219i dou\u0103 cu Kairat Almaty (Kazakhstan), sper\u0103 s\u0103 o ajute pe FCSB s\u0103 c\u00e2\u0219tige al treilea titlu consecutiv.<\/p>\n<p>Ofri Arad, despre ce l-a motivat s\u0103 vin\u0103 la FCSB: \u201eVreau s\u0103 merg \u00een Champions League\u201d<\/p>\n<p class=\"\">\u201e\u00cen primul r\u00e2nd, este extraordinar: din primul moment, toat\u0103 lumea a fost foarte dr\u0103gu\u021b\u0103 \u0219i m-a primit cu bra\u021bele deschise, iar pentru asta vreau s\u0103 le mul\u021bumesc.<\/p>\n<p class=\"\">Nu \u0219tiam foarte multe despre club \u00een urm\u0103 cu c\u00e2\u021biva ani, dar cred c\u0103 am venit la un club foarte mare, cu un nume important. <\/p>\n<p class=\"\">Pot s\u0103 spun c\u0103 multe echipe au vorbit cu mine, \u00eens\u0103 \u00een clipa \u00een care am auzit de Steaua (n.r. &#8211; FCSB), mi-am dat seama c\u0103 numele Steaua vorbe\u0219te de la sine. De aceea a fost o decizie u\u0219oar\u0103 \u0219i sunt fericit c\u0103 sunt aici\u201d, a spus Arad.<\/p>\n<blockquote class=\"quote\"><p>\n    Ca s\u0103 fiu sincer, i-am spus agentului meu c\u0103 \u00eemi doresc un proiect care s\u0103 m\u0103 motiveze, ceva care s\u0103 m\u0103 entuziasmeze. Au fost mai multe cluburi care au discutat cu mine, dar, a\u0219a cum am spus, \u00een momentul \u00een care agentul mi-a zis c\u0103 exist\u0103 o variant\u0103 la FCSB, i-am spus imediat c\u0103 simt c\u0103 acesta este drumul meu, c\u0103 vreau s\u0103 merg mai departe cu aceast\u0103 ofert\u0103. Sunt fericit c\u0103 totul a decurs bine \u0219i c\u0103 sunt aici acum Ofri Arad\n<\/p><\/blockquote>\n<p class=\"\">De-a lungul carierei sale, Ofri Arad a mai evoluat la Maccabi Haifa, Hapoel Ramat Gan \u0219i Kairat Almaty, forma\u021bie al\u0103turi de care s-a calificat \u00een faza principal\u0103 a Ligii Campionilor, \u00een acest sezon.<\/p>\n<p class=\"\">Arad a \u0219i \u00eenscris \u00een Lig\u0103 pentru Kairat, \u00een meciul cu Inter, scor 1-2 pentru forma\u021bia antrenat\u0103 de Cristi Chivu.<\/p>\n<p>FOTO. Golul marcat de Ofri Arad \u00een Inter &#8211; Kairat 2-1<\/p>\n<p>    <img decoding=\"async\" src=\"https:\/\/www.europesays.com\/ro\/wp-content\/uploads\/2026\/01\/Golul-marcat-de-Ofri-Arad-\u00een-Inter---Kairat-FOTO.-Captur\u0103-Prima-Sport--(1).jpg\" alt=\"Golul marcat de Ofri Arad \u00een Inter - Kairat FOTO. Captur\u0103 Prima Sport  (1).jpg\" data-blur=\"https:\/\/www.europesays.com\/ro\/wp-content\/uploads\/2026\/01\/Golul-marcat-de-Ofri-Arad-\u00een-Inter---Kairat-FOTO.-Captur\u0103-Prima-Sport--(1).jpg\" width=\"684\" height=\"879\" class=\"blur\" loading=\"lazy\"\/><\/p>\n<p>            <img decoding=\"async\" src=\"https:\/\/www.europesays.com\/ro\/wp-content\/uploads\/2026\/01\/1768326908_837_Golul-marcat-de-Ofri-Arad-\u00een-Inter---Kairat-FOTO.-Captur\u0103-Prima-Sport--(1).jpg\" loading=\"lazy\" alt=\"Golul marcat de Ofri Arad \u00een Inter - Kairat FOTO. Captur\u0103 Prima Sport  (1).jpg\" width=\"684\" height=\"879\"\/><\/p>\n<p>        Galerie foto (6 imagini)<\/p>\n<p>                    <a href=\"https:\/\/golazo.ro\/golul-marcat-de-ofri-arad-in-inter-kairat-foto-captura-prima-sport-161264-g1?articleSource=162001\" class=\"gallery-link\" aria-label=\"Show gallery\" rel=\"nofollow noopener\" target=\"_blank\"><\/p>\n<p>                +6 Foto<br \/>\n            <\/a><\/p>\n<p>    <a href=\"https:\/\/golazo.ro\/golul-marcat-de-ofri-arad-in-inter-kairat-foto-captura-prima-sport-161264-g1?articleSource=162001\" class=\"link\" rel=\"nofollow noopener\" target=\"_blank\">labels.photo-gallery<\/a><\/p>\n<p>Ofri Arad: \u201eSper s\u0103 lu\u0103m al treilea, al patrulea \u0219i al cincilea titlu\u201d<\/p>\n<p class=\"\">Mijloca\u0219ul defensiv are \u00een palmares 5 titluri de campion (3 cu Maccabi Haifa \u0219i 2 cu Kairat), dar \u0219i 10 meciuri \u00een na\u021bionala Israelului.<\/p>\n<p class=\"\">\u201eVreau s\u0103 c\u00e2\u0219tig campionatul \u00een fiecare sezon. Statistica mea nu arat\u0103 r\u0103u, dar, \u00eenainte de toate, e ceva special s\u0103 vii la o echip\u0103 deja campioan\u0103: \u00eenseamn\u0103 c\u0103 exist\u0103 un lot bun, antrenori buni, o perioad\u0103 bun\u0103. <\/p>\n<p class=\"\">Sper s\u0103 continu\u0103m s\u0103 lu\u0103m al treilea, al patrulea, al cincilea titlu, asta \u00eemi doresc\u201d, a mai spus Ofri Arad.<\/p>\n<blockquote class=\"quote\"><p>\n    S\u0103 joc \u00een Champions League este ceva extraordinar pentru mine. Acestea sunt unele dintre cele mai tari meciuri pe care le po\u021bi juca \u00een Europa, mai ales c\u00e2nd \u00eent\u00e2lne\u0219ti echipe ca Real, Inter. Acum am venit la Steaua. Este un club care, \u00een fiecare sezon, se afl\u0103 pe cea mai mare scen\u0103, iar asta m-a f\u0103cut s\u0103 vin aici: v\u0103d c\u0103 mereu merge p\u00e2n\u0103 la cap\u0103t \u0219i \u00eencearc\u0103 s\u0103 fie la maximum \u00een fiecare sezon Ofri Arad\n<\/p><\/blockquote>\n<p class=\"\">Israelianul promite implicare total\u0103 \u00een atingerea obiectivelor echipei. <\/p>\n<p class=\"\">\u201e\u00cen primul r\u00e2nd am experien\u021b\u0103 la acest nivel \u0219i, \u00eenainte de toate, promit c\u0103 voi da tot ce pot. Joc cu tot sufletul meu fiecare meci \u0219i \u00eencerc s\u0103 le ofer juc\u0103torilor  din experien\u021ba mea \u0219i s\u0103 \u00eei fac s\u0103 mearg\u0103 c\u00e2t mai departe posibil \u00een campionat \u0219i \u00een Champions League \u0219i sper ca norocul s\u0103 fie cu noi<\/p>\n<p class=\"\">V\u0103d o echip\u0103 cu care face un pressing foarte sus, care joac\u0103 cu foarte mul\u021bi juc\u0103tori agresivi, tehnici, a\u0219tept cu adev\u0103rat s\u0103 joc cu ace\u0219ti juc\u0103tori pentru c\u0103 v\u0103d c\u0103 este un nivel foarte ridicat \u0219i sper s\u0103 pot intra \u0219i s\u0103 aduc ce am mai bun \u0219i s\u0103 func\u021bioneze \u00een echip\u0103\u201d, a mai spus Ofri Arad.<\/p>\n<p>1,2 milioane de euro<\/p>\n<p>este cota de pia\u021b\u0103 a juc\u0103torului din Israel<\/p>\n<p class=\"\">Ofri Arad este al doilea juc\u0103tor israelian care \u00eembrac\u0103 tricoul FCSB-ului, dup\u0103 funda\u0219ul dreapta Klemi Saban, care s-a calificat cu FCSB \u00een grupele Ligii Campionilor, \u00een sezonul 2006-2007, juc\u00e2nd \u00een victoria cu Dinamo Kiev (4-1) \u0219i \u00een \u00eenfr\u00e2ngerea cu Real Madrid (1-4).<\/p>\n<p class=\"\">\u201eVreau s\u0103 fiu al doilea juc\u0103tor [din Israel] care ajunge \u00een Champions League cu FCSB \u0219i, pentru mine, e foarte palpitant s\u0103 fiu aici.<\/p>\n<p class=\"\">Sper ca echipa s\u0103 reu\u0219easc\u0103 tot ceea ce ne-am propus \u0219i, dac\u0103 vom reu\u0219i, va fi cel mai frumos lucru din lume\u201d, a mai spus noul transfer al campioanei. <\/p>\n<p>Cite\u0219te \u0219i<\/p>\n<p>VIDEO: cele mai noi imagini din sport<\/p>\n","protected":false},"excerpt":{"rendered":"&#13; Ofri Arad (27 de ani), al doilea transfer realizat de FCSB \u00een aceast\u0103 iarn\u0103, a explicat de&hellip;\n","protected":false},"author":2,"featured_media":95712,"comment_status":"","ping_status":"","sticky":false,"template":"","format":"standard","meta":{"footnotes":"","_share_on_mastodon":"0"},"categories":[20],"tags":[4185,269,75,11521,31608,30179,41,40,38,39,185,184,55,379],"class_list":["post-96226","post","type-post","status-publish","format-standard","has-post-thumbnail","category-sport","tag-champions-league","tag-fcsb","tag-israel","tag-kairat","tag-maccabi","tag-ofri-arad","tag-ro","tag-romana","tag-romania","tag-romanian","tag-sport","tag-sports","tag-superliga","tag-transfer"],"share_on_mastodon":{"url":"https:\/\/pubeurope.com\/@ro\/115932317773037642","error":""},"_links":{"self":[{"href":"https:\/\/www.europesays.com\/ro\/wp-json\/wp\/v2\/posts\/96226","targetHints":{"allow":["GET"]}}],"collection":[{"href":"https:\/\/www.europesays.com\/ro\/wp-json\/wp\/v2\/posts"}],"about":[{"href":"https:\/\/www.europesays.com\/ro\/wp-json\/wp\/v2\/types\/post"}],"author":[{"embeddable":true,"href":"https:\/\/www.europesays.com\/ro\/wp-json\/wp\/v2\/users\/2"}],"replies":[{"embeddable":true,"href":"https:\/\/www.europesays.com\/ro\/wp-json\/wp\/v2\/comments?post=96226"}],"version-history":[{"count":0,"href":"https:\/\/www.europesays.com\/ro\/wp-json\/wp\/v2\/posts\/96226\/revisions"}],"wp:featuredmedia":[{"embeddable":true,"href":"https:\/\/www.europesays.com\/ro\/wp-json\/wp\/v2\/media\/95712"}],"wp:attachment":[{"href":"https:\/\/www.europesays.com\/ro\/wp-json\/wp\/v2\/media?parent=96226"}],"wp:term":[{"taxonomy":"category","embeddable":true,"href":"https:\/\/www.europesays.com\/ro\/wp-json\/wp\/v2\/categories?post=96226"},{"taxonomy":"post_tag","embeddable":true,"href":"https:\/\/www.europesays.com\/ro\/wp-json\/wp\/v2\/tags?post=96226"}],"curies":[{"name":"wp","href":"https:\/\/api.w.org\/{rel}","templated":true}]}}