{"id":96659,"date":"2026-01-21T19:08:06","date_gmt":"2026-01-21T19:08:06","guid":{"rendered":"https:\/\/www.europesays.com\/ro\/96659\/"},"modified":"2026-01-21T19:08:06","modified_gmt":"2026-01-21T19:08:06","slug":"microsoft-a-reparat-update-ul-pentru-windows-care-a-facut-ca-unele-computere-sa-nu-mai-poata-fi-stinse-2","status":"publish","type":"post","link":"https:\/\/www.europesays.com\/ro\/96659\/","title":{"rendered":"Microsoft a reparat update-ul pentru Windows care a f\u0103cut ca unele computere s\u0103 nu mai poat\u0103 fi stinse"},"content":{"rendered":"<p>                    <img width=\"800\" height=\"533\" src=\"https:\/\/www.europesays.com\/ro\/wp-content\/uploads\/2026\/01\/1769022486_208_profimedia-0636014952.jpg\" class=\"article-single-featured-image\" alt=\"Microsoft a reparat update-ul pentru Windows care a f\u0103cut ca unele computere s\u0103 nu mai poat\u0103 fi stinse\" decoding=\"async\" fetchpriority=\"high\"  \/><\/p>\n<p>Sistemul de operare Windows 11 instalat pe un laptop, FOTO: Dmitrii Melnikov \/ Alamy \/ Profimedia Images<\/p>\n<p>Microsoft a lansat \u00een grab\u0103 un update pentru Windows 11 dup\u0103 ce actualizarea \u201ePatch Tuesday\u201d din ianuarie a stricat ceva at\u00e2t de fundamental precum oprirea PC-urilor, relateaz\u0103 <a href=\"https:\/\/www.theregister.com\/2026\/01\/19\/windows_11_shutdown_bug\/?td=rt-3a\" target=\"_blank\" rel=\"noopener nofollow\">The Register<\/a>.<\/p>\n<p>Remedierea de urgen\u021b\u0103, <a href=\"https:\/\/support.microsoft.com\/en-us\/topic\/january-17-2026-kb5077797-os-build-22631-6494-out-of-band-3fb07d6a-0e35-4510-8518-4e333ed78edc\" target=\"_blank\" rel=\"noopener nofollow\">KB5077797<\/a>, pentru Windows 11 versiunea 23H2 a fost publicat\u0103 zilele trecute \u0219i vizeaz\u0103 direct cur\u0103\u021barea problemelor l\u0103sate \u00een urm\u0103 de actualizarea lunar\u0103 obi\u0219nuit\u0103 de la \u00eenceputul lui ianuarie. Acea actualizare, menit\u0103 s\u0103 \u00eenchid\u0103 o list\u0103 lung\u0103 de bre\u0219e de securitate, a f\u0103cut ca unele sisteme s\u0103 refuze cu \u00eenc\u0103p\u0103\u021b\u00e2nare s\u0103 se opreasc\u0103, s\u0103 se reseteze sau s\u0103 intre \u00een hibernare, comenzile de oprire fiind adesea ignorate de sistemul de operare.<\/p>\n<p>Vinovatul s-a dovedit a fi \u201eSystem Guard Secure Launch\u201d, una dintre func\u021biile Microsoft de \u00eent\u0103rire a securit\u0103\u021bii la pornire, care nu a func\u021bionat corect \u00een combina\u021bie cu actualizarea din ianuarie.<\/p>\n<p>Pe sistemele afectate, de regul\u0103 sisteme pe care Secure Launch este activat implicit, calculatoarele p\u0103reau c\u0103 se opresc, pentru ca apoi fie s\u0103 r\u0103m\u00e2n\u0103 de fapt pornite, b\u00e2z\u00e2ind \u00een gol cu ecranul stins, fie s\u0103 revin\u0103 la via\u021b\u0103. Asta s-a tradus prin laptopuri care \u00ee\u0219i consumau bateria peste noapte f\u0103r\u0103 zgomot \u0219i desktopuri care continuau s\u0103 consume energie mult timp dup\u0103 ce toat\u0103 lumea de la birou plecase acas\u0103.<\/p>\n<p>Microsoft a confirmat c\u0103 problema a fost una grav\u0103<\/p>\n<p>Microsoft afirm\u0103 c\u0103 noul update readuce func\u021biile de oprire \u0219i hibernare la comportamentul normal, f\u0103r\u0103 a a\u0219tepta urm\u0103toarea actualizare \u201ePatch Tuesday\u201d din februarie. Dincolo de asta, compania a confirmat c\u0103 eroarea a fost introdus\u0103 de actualizarea cumulativ\u0103 din ianuarie \u0219i c\u0103 problema a fost suficient de grav\u0103 pentru a justifica o remediere neprogramat\u0103.<\/p>\n<p>Actualizarea OOB include, de asemenea, remedieri pentru o problem\u0103 separat\u0103 de autentificare, la fel de enervant\u0103. Unii utilizatori s-au trezit incapabili s\u0103 se conecteze prin Remote Desktop dup\u0103 instalarea patch-urilor din ianuarie, din cauza solicit\u0103rilor de acredit\u0103ri care e\u0219uau sau intrau \u00eentr-o bucl\u0103 f\u0103r\u0103 sf\u00e2r\u0219it. Bug-ul a afectat at\u00e2t mediile client, c\u00e2t \u0219i cele de server \u0219i a accentuat impresia c\u0103 actualiz\u0103rile din ianuarie au f\u0103cut \u00een unele cazuri mai mult r\u0103u dec\u00e2t bine.<\/p>\n<p>A fost o nou\u0103 durere de cap pentru Microsoft \u00een condi\u021biile \u00een care <a href=\"https:\/\/hotnews.ro\/microsoft-nu-reuseste-sa-convinga-utilizatorii-windows-10-sa-treaca-la-11-desi-a-taiat-suportul-tehnic-de-doua-luni-2121544\" rel=\"nofollow noopener\" target=\"_blank\">are dificult\u0103\u021bi s\u0103 \u00eei conving\u0103 pe numero\u0219i clien\u021bi<\/a> s\u0103 treac\u0103 de la Windows 10 la Windows 11.<\/p>\n","protected":false},"excerpt":{"rendered":"Sistemul de operare Windows 11 instalat pe un laptop, FOTO: Dmitrii Melnikov \/ Alamy \/ Profimedia Images Microsoft&hellip;\n","protected":false},"author":2,"featured_media":96660,"comment_status":"","ping_status":"","sticky":false,"template":"","format":"standard","meta":{"footnotes":""},"categories":[16],"tags":[41,40,38,39,141,124],"class_list":{"0":"post-96659","1":"post","2":"type-post","3":"status-publish","4":"format-standard","5":"has-post-thumbnail","7":"category-tehnologie","8":"tag-ro","9":"tag-romana","10":"tag-romania","11":"tag-romanian","12":"tag-technology","13":"tag-tehnologie"},"share_on_mastodon":{"url":"https:\/\/pubeurope.com\/@ro\/115934665330163236","error":""},"_links":{"self":[{"href":"https:\/\/www.europesays.com\/ro\/wp-json\/wp\/v2\/posts\/96659","targetHints":{"allow":["GET"]}}],"collection":[{"href":"https:\/\/www.europesays.com\/ro\/wp-json\/wp\/v2\/posts"}],"about":[{"href":"https:\/\/www.europesays.com\/ro\/wp-json\/wp\/v2\/types\/post"}],"author":[{"embeddable":true,"href":"https:\/\/www.europesays.com\/ro\/wp-json\/wp\/v2\/users\/2"}],"replies":[{"embeddable":true,"href":"https:\/\/www.europesays.com\/ro\/wp-json\/wp\/v2\/comments?post=96659"}],"version-history":[{"count":0,"href":"https:\/\/www.europesays.com\/ro\/wp-json\/wp\/v2\/posts\/96659\/revisions"}],"wp:featuredmedia":[{"embeddable":true,"href":"https:\/\/www.europesays.com\/ro\/wp-json\/wp\/v2\/media\/96660"}],"wp:attachment":[{"href":"https:\/\/www.europesays.com\/ro\/wp-json\/wp\/v2\/media?parent=96659"}],"wp:term":[{"taxonomy":"category","embeddable":true,"href":"https:\/\/www.europesays.com\/ro\/wp-json\/wp\/v2\/categories?post=96659"},{"taxonomy":"post_tag","embeddable":true,"href":"https:\/\/www.europesays.com\/ro\/wp-json\/wp\/v2\/tags?post=96659"}],"curies":[{"name":"wp","href":"https:\/\/api.w.org\/{rel}","templated":true}]}}