{"id":98782,"date":"2026-01-25T09:54:13","date_gmt":"2026-01-25T09:54:13","guid":{"rendered":"https:\/\/www.europesays.com\/ro\/98782\/"},"modified":"2026-01-25T09:54:13","modified_gmt":"2026-01-25T09:54:13","slug":"cristi-chivu-a-lasat-masca-toata-italia-la-inter","status":"publish","type":"post","link":"https:\/\/www.europesays.com\/ro\/98782\/","title":{"rendered":"Cristi Chivu a l\u0103sat &#8222;masc\u0103&#8221; toat\u0103 Italia, la Inter"},"content":{"rendered":"\n<ul class=\"bullets\">\n<li>\n<p>SuperLiga: FCSB &#8211; CFR Cluj, duminic\u0103, 20:00, DGS 1<\/p>\n<\/li>\n<li>\n<p>La Liga: Barcelona &#8211; Oviedo, duminic\u0103, 17:15, DGS 1<\/p>\n<\/li>\n<\/ul>\n<p>Echipa antrenorului rom\u00e2n a \u00eenceput extrem de prost \u0219i a \u00eencasat rapid dou\u0103 goluri, iar Chivu n-a avut de ales \u0219i <a href=\"https:\/\/www.digisport.ro\/fotbal\/serie-a\/cristi-chivu-n-a-mai-avut-rabdare-out-in-minutul-34-4045147\" target=\"_blank\" rel=\"noopener nofollow\" data-skip-linkfix=\"1\">l-a scos pe Luis Henrique <\/a>\u00een minutul 34. Decizia radical\u0103 a f\u0103cut furori \u00een presa din Italia, care <a href=\"https:\/\/www.digisport.ro\/fotbal\/serie-a\/italienii-au-vazut-ce-a-facut-cristi-chivu-si-n-au-stat-pe-ganduri-inter-a-fost-in-stare-de-soc-4045215\" target=\"_blank\" rel=\"noopener nofollow\" data-skip-linkfix=\"1\">s-a ar\u0103tat &#8222;\u0219ocat\u0103&#8221; de puterea lui Chivu<\/a> de a face astfel de lucruri, \u00een contextul \u00een care \u00eenc\u0103 e un tehnician t\u00e2n\u0103r.\u00a0<\/p>\n<p>Cristi Chivu l-a ap\u0103rat pe Luis Henrique \u0219i l-a numit &#8222;patrimoniul nostru&#8221;, dup\u0103 meciul Inter &#8211; Pisa 6-2<\/p>\n<p>Decizia lui Chivu s-a dovedit a fi extrem de inspirat\u0103, deoarece Dimarco a schimbat imediat jocul, iar Inter a \u00eentors scorul p\u00e2n\u0103 la pauz\u0103. Funda\u0219ul st\u00e2nga a reu\u0219it un gol \u0219i dou\u0103 pase decisive \u0219i a ie\u0219it &#8222;Omul Meciului&#8221;, dar jurnali\u0219tii italieni tot l-au pus pe antrenorul rom\u00e2n s\u0103 \u00ee\u0219i motiveze schimbarea.\u00a0<\/p>\n<p>&#8222;Schimbarea e explicat\u0103 de cum am citit eu jocul nostru de atac, calitatea centr\u0103rilor pe care le d\u0103deam c\u00e2nd adversarul se ap\u0103ra foarte jos.<\/p>\n<p>La 0-2 era nevoie de mai mult\u0103 calitate, \u00een special \u00een flancul st\u00e2ng. O s\u0103 \u00eel ap\u0103r mereu pe Luis Henrique, pentru c\u0103 este patrimoniul nostru.<\/p>\n<p> <a href=\"https:\/\/www.digisport.ro\/special\/aboneaza-te-la-canalul-de-whatsapp-digi-sport-si-afla-primul-cele-mai-importante-stiri-ale-zilei-din-sport-2686297\" target=\"_blank\" rel=\"noopener nofollow\"> <img decoding=\"async\" src=\"https:\/\/www.europesays.com\/ro\/wp-content\/uploads\/2026\/01\/1768953009_454_YXNoPTlmMDRmYWU3ZWMyYWQxMjEyMDczYWNmMWNkYTQ4ZDk5.jpg\"\/> <\/a><\/p>\n<p>E pur \u0219i simplu drept s\u0103 fac asta pentru ce a ar\u0103tat p\u00e2n\u0103 acum, \u00een ciuda etichetelor \u0219i zgomotelor ap\u0103rute \u00een jurul s\u0103u.<\/p>\n<p>\u00cen primul r\u00e2nd, trebuie s\u0103-i acord\u0103m timp ca s\u0103 se adapteze la ce \u00eenseamn\u0103 s\u0103 joci pentru o echip\u0103 mare. Ne ajut\u0103 mult \u00een jocul nostru, \u00een procesul nostru de a cre\u0219te. \u00cei trebuie doar timp pentru a c\u0103p\u0103ta \u00eencredere de sine, ca s\u0103 fie mai decisiv \u00een ultimii 20 de metri.<\/p>\n<p>\u00cen acest moment doar pentru asta \u00eel putem critica, pentru ce face \u00een ultimii 20 de metri. Altfel, e un juc\u0103tor foarte dedicat, care ne aduce mult at\u00e2t tactic, c\u00e2t \u0219i calitativ.\u00a0<\/p>\n<p>Fanii no\u0219tri sunt deseori influen\u021ba\u021bi de ce citesc pe re\u021belele sociale. Dar trebuie s\u0103 \u00eel sprijinim cu to\u021bii, Luis Henrique este parte din acest grup minunat&#8221;, a declarat Chivu, citat de <a href=\"https:\/\/www.fcinter1908.it\/partite\/conferenze-stampa\/inter-pisa-chivu-post-partita-tifosi\/\" target=\"_blank\" rel=\"noopener nofollow\" data-skip-linkfix=\"1\">presa din Italia<\/a>.\u00a0<\/p>\n<p>Luis Henrique are 24 de ani \u0219i a fost cump\u0103rat de Inter de la Marseille \u00een vara anului trecut, pentru 23 de milioane de euro. \u00cen mod normal e rezerva lui Denzel Dumfries, actualmente accidentat.\u00a0<\/p>\n<p>Brazilianul e nimeni altul dec\u00e2t cel c\u0103ruia Chivu i-a luat ap\u0103rarea \u0219i la meciul precedent, 1-3 cu Arsenal \u00een Champions League, la finalul c\u0103ruia unii jurnali\u0219ti i-au sugerat c\u0103 a fost veriga slab\u0103 a echipei. Atunci, rom\u00e2nul l-a l\u0103sat pe teren p\u00e2n\u0103 spre final.\u00a0<\/p>\n<ul>\n<li>Marcatori Inter: Zielinski (p. minutul 39), Martinez (minutul 42), Esposito (minutul 45+2), Dimarco (minutul 82), Bonny (minutul 86) \u0219i Mkhitaryan (minutul 90+3).\u00a0<\/li>\n<li>Marcatori Pisa: Moreo (minutele 11 \u0219i 23)\u00a0<\/li>\n<\/ul>\n<p>VIDEO Rezumat Inter &#8211; Pisa 6-2\u00a0   <\/p>\n<p>  Etichete:  <a href=\"https:\/\/www.digisport.ro\/eticheta\/inter\" rel=\"nofollow noopener\" target=\"_blank\">inter<\/a> , <a href=\"https:\/\/www.digisport.ro\/eticheta\/cristi-chivu\" rel=\"nofollow noopener\" target=\"_blank\">cristi chivu<\/a> , <a href=\"https:\/\/www.digisport.ro\/eticheta\/pisa\" rel=\"nofollow noopener\" target=\"_blank\">pisa<\/a> , <a href=\"https:\/\/www.digisport.ro\/eticheta\/luis-henrique\" rel=\"nofollow noopener\" target=\"_blank\">luis henrique<\/a>   <\/p>\n<p>Urm\u0103re\u0219te \u0219tirile digisport.ro \u0219i pe <a href=\"https:\/\/news.google.com\/publications\/CAAiENr1L9HFNMG5hpp5zTfVtpsqFAgKIhDa9S_RxTTBuYaaec031bab?ceid=RO:ro&amp;oc=3\" target=\"_blank\" rel=\"external nofollow noopener\">Google News<\/a><\/p>\n<p>   Noua Aplica\u0163ie Digi Sport poate fi desc\u0103rcat\u0103 din   <\/p>\n","protected":false},"excerpt":{"rendered":"SuperLiga: FCSB &#8211; CFR Cluj, duminic\u0103, 20:00, DGS 1 La Liga: Barcelona &#8211; Oviedo, duminic\u0103, 17:15, DGS 1&hellip;\n","protected":false},"author":2,"featured_media":98783,"comment_status":"","ping_status":"","sticky":false,"template":"","format":"standard","meta":{"footnotes":"","_share_on_mastodon":"0"},"categories":[5],"tags":[32,33,31,544,36,37,27,545,34,35,9448,25,12699,41,40,38,39,26,28,29,30],"class_list":["post-98782","post","type-post","status-publish","format-standard","has-post-thumbnail","category-titluri","tag-breaking-news","tag-breakingnews","tag-cele-mai-populare-subiecte","tag-cristi-chivu","tag-featured-news","tag-featurednews","tag-headlines","tag-inter","tag-latest-news","tag-latestnews","tag-luis-henrique","tag-news","tag-pisa","tag-ro","tag-romana","tag-romania","tag-romanian","tag-stiri","tag-titluri","tag-top-stories","tag-topstories"],"share_on_mastodon":{"url":"https:\/\/pubeurope.com\/@ro\/115955136230215866","error":""},"_links":{"self":[{"href":"https:\/\/www.europesays.com\/ro\/wp-json\/wp\/v2\/posts\/98782","targetHints":{"allow":["GET"]}}],"collection":[{"href":"https:\/\/www.europesays.com\/ro\/wp-json\/wp\/v2\/posts"}],"about":[{"href":"https:\/\/www.europesays.com\/ro\/wp-json\/wp\/v2\/types\/post"}],"author":[{"embeddable":true,"href":"https:\/\/www.europesays.com\/ro\/wp-json\/wp\/v2\/users\/2"}],"replies":[{"embeddable":true,"href":"https:\/\/www.europesays.com\/ro\/wp-json\/wp\/v2\/comments?post=98782"}],"version-history":[{"count":0,"href":"https:\/\/www.europesays.com\/ro\/wp-json\/wp\/v2\/posts\/98782\/revisions"}],"wp:featuredmedia":[{"embeddable":true,"href":"https:\/\/www.europesays.com\/ro\/wp-json\/wp\/v2\/media\/98783"}],"wp:attachment":[{"href":"https:\/\/www.europesays.com\/ro\/wp-json\/wp\/v2\/media?parent=98782"}],"wp:term":[{"taxonomy":"category","embeddable":true,"href":"https:\/\/www.europesays.com\/ro\/wp-json\/wp\/v2\/categories?post=98782"},{"taxonomy":"post_tag","embeddable":true,"href":"https:\/\/www.europesays.com\/ro\/wp-json\/wp\/v2\/tags?post=98782"}],"curies":[{"name":"wp","href":"https:\/\/api.w.org\/{rel}","templated":true}]}}