{"id":100023,"date":"2025-12-08T10:12:11","date_gmt":"2025-12-08T10:12:11","guid":{"rendered":"https:\/\/www.europesays.com\/se\/100023\/"},"modified":"2025-12-08T10:12:11","modified_gmt":"2025-12-08T10:12:11","slug":"svenskarna-hardast-i-varlden-mot-prat-pa-bion","status":"publish","type":"post","link":"https:\/\/www.europesays.com\/se\/100023\/","title":{"rendered":"Svenskarna h\u00e5rdast i v\u00e4rlden mot prat p\u00e5 bion"},"content":{"rendered":"<p>Det finns inget land i v\u00e4rlden som har s\u00e5 l\u00e5g tolerans f\u00f6r prat i biosalongen som svenskar. Det visar en studie av svenska och globala vardagsnormer som gjorts av Institutet f\u00f6r framtidsstudier och M\u00e4lardalens universitet.<\/p>\n<p>\u201dVi \u00e4r det str\u00e4ngaste landet i hela studien n\u00e4r det g\u00e4ller att prata under en film\u201d, s\u00e4ger forskaren och matematikern Kimmo Eriksson vid Institutet f\u00f6r framtidsstudier.<\/p>\n<p>Studien bygger p\u00e5 svar fr\u00e5n 25\u202f422 personer fr\u00e5n totalt 90 l\u00e4nder. Den visar ocks\u00e5 att vardagsnormerna har blivit mer till\u00e5tande globalt j\u00e4mf\u00f6rt med i b\u00f6rjan av 2000-talet. F\u00f6reteelser som blivit mer accepterade \u00e4r bland annat att lyssna p\u00e5 musik i h\u00f6rlurar, l\u00e4sa tidningen och \u00e4ta p\u00e5 offentliga platser.<\/p>\n<p>Omni \u00e4r politiskt obundna och oberoende. Vi str\u00e4var efter att ge fler perspektiv p\u00e5 nyheterna. Har du fr\u00e5gor eller synpunkter kring v\u00e5r rapportering? <a href=\"https:\/\/omni.se\/svenskarna-hardast-i-varlden-mot-prat-pa-bion\/a\/mailto:redaktion@omni.se\" class=\"ArticleActions_contactLink__W2F1M\" rel=\"nofollow noopener\" target=\"_blank\">Kontakta redaktionen<\/a><\/p>\n","protected":false},"excerpt":{"rendered":"Det finns inget land i v\u00e4rlden som har s\u00e5 l\u00e5g tolerans f\u00f6r prat i biosalongen som svenskar. Det&hellip;\n","protected":false},"author":2,"featured_media":100024,"comment_status":"","ping_status":"","sticky":false,"template":"","format":"standard","meta":{"footnotes":""},"categories":[5],"tags":[22,23,26,27,332,17,21,11511,24,25,28,29,15,16,18,34,31,33,32,30,19,20],"class_list":{"0":"post-100023","1":"post","2":"type-post","3":"status-publish","4":"format-standard","5":"has-post-thumbnail","7":"category-rubriker","8":"tag-breaking-news","9":"tag-breakingnews","10":"tag-featured-news","11":"tag-featurednews","12":"tag-forskning-vetenskap","13":"tag-headlines","14":"tag-huvudnyheter","15":"tag-institutet-for-framtidsstudier","16":"tag-latest-news","17":"tag-latestnews","18":"tag-main-news","19":"tag-mainnews","20":"tag-news","21":"tag-nyheter","22":"tag-rubriker","23":"tag-se","24":"tag-svenska","25":"tag-sverige","26":"tag-sweden","27":"tag-swedish","28":"tag-top-stories","29":"tag-topstories"},"share_on_mastodon":{"url":"https:\/\/pubeurope.com\/@se\/115683416063653830","error":""},"_links":{"self":[{"href":"https:\/\/www.europesays.com\/se\/wp-json\/wp\/v2\/posts\/100023","targetHints":{"allow":["GET"]}}],"collection":[{"href":"https:\/\/www.europesays.com\/se\/wp-json\/wp\/v2\/posts"}],"about":[{"href":"https:\/\/www.europesays.com\/se\/wp-json\/wp\/v2\/types\/post"}],"author":[{"embeddable":true,"href":"https:\/\/www.europesays.com\/se\/wp-json\/wp\/v2\/users\/2"}],"replies":[{"embeddable":true,"href":"https:\/\/www.europesays.com\/se\/wp-json\/wp\/v2\/comments?post=100023"}],"version-history":[{"count":0,"href":"https:\/\/www.europesays.com\/se\/wp-json\/wp\/v2\/posts\/100023\/revisions"}],"wp:featuredmedia":[{"embeddable":true,"href":"https:\/\/www.europesays.com\/se\/wp-json\/wp\/v2\/media\/100024"}],"wp:attachment":[{"href":"https:\/\/www.europesays.com\/se\/wp-json\/wp\/v2\/media?parent=100023"}],"wp:term":[{"taxonomy":"category","embeddable":true,"href":"https:\/\/www.europesays.com\/se\/wp-json\/wp\/v2\/categories?post=100023"},{"taxonomy":"post_tag","embeddable":true,"href":"https:\/\/www.europesays.com\/se\/wp-json\/wp\/v2\/tags?post=100023"}],"curies":[{"name":"wp","href":"https:\/\/api.w.org\/{rel}","templated":true}]}}