{"id":100051,"date":"2025-12-08T10:41:12","date_gmt":"2025-12-08T10:41:12","guid":{"rendered":"https:\/\/www.europesays.com\/se\/100051\/"},"modified":"2025-12-08T10:41:12","modified_gmt":"2025-12-08T10:41:12","slug":"ikeas-nya-drag-presenterar-kollektion-till-ramadan","status":"publish","type":"post","link":"https:\/\/www.europesays.com\/se\/100051\/","title":{"rendered":"Ikeas nya drag \u2013 presenterar kollektion till ramadan"},"content":{"rendered":"<p>Publicerad 8 dec 2025 kl 10.53Uppdaterad kl 11.35<\/p>\n<p>Julen \u00e4r inte ens h\u00e4r innan Ikea presenterar n\u00e4sta kollektion.\u00a0<\/p>\n<p>Den h\u00e4r g\u00e5ngen inf\u00f6r ramadan.\u00a0<\/p>\n<p>\u2013 Vi vill uppmuntra och hj\u00e4lpa till i firandet d\u00e4r m\u00e4nniskor kommer tillsammans, s\u00e4ger Louise Ridell Ehinger, presskontakt p\u00e5 Ikea Sverige.\u00a0<\/p>\n<p><img   alt=\"\"\/><\/p>\n<p>Ikea.<\/p>\n<p>Foto: PATRIK \u00d6STERBERG \/ STELLA PICTURES<\/p>\n<p>\u00d6ppna bild i helsk\u00e4rm<\/p>\n<p>\u201dLys upp ditt hem inf\u00f6r ramadan! Samla familj, v\u00e4nner och grannar f\u00f6r en magisk tid med varma hj\u00e4rtan och \u00f6ppna hem\u201d, s\u00e5 presenterar <a href=\"https:\/\/www.expressen.se\/tagg\/organization\/ikea\/\" class=\"\" rel=\"nofollow noopener\" target=\"_blank\">Ikea<\/a> sin nya stora kollektion, \u201dGOKV\u00c4LL\u00c5\u201d, inf\u00f6r ramadan.\u00a0<\/p>\n<p>I kollektion ing\u00e5r allt fr\u00e5n kuddar och smyckade textilier till porslin, ljusslingor och takbelysning.<\/p>\n<p>Ikea har tidigare gjort mindre kollektioner inspirerade av ramadan.\u00a0<\/p>\n<p>\u2013 Vi har haft kollektioner som \u00e4r t\u00e4nkt att man kan ha till den h\u00e4r perioden av firande, s\u00e4ger Louise Ridell Ehinger, presskontakt p\u00e5 Ikea Sverige.\u00a0<\/p>\n<p><img loading=\"lazy\"   alt=\"\"\/><\/p>\n<p>Louise Ridell Ehninger, presskontakt p\u00e5 Ikea Sverige.<\/p>\n<p>Foto: Ikea<\/p>\n<p>\u00d6ppna bild i helsk\u00e4rmIkea: \u201dVill uppmuntra\u201d<\/p>\n<p>Nu sl\u00e5r man dock p\u00e5 stort och presenterar den nya ramadan-kollektionen drygt tv\u00e5 veckor innan jul.<\/p>\n<p>\u2013 Vi fokuserar mycket p\u00e5 olika typer av firande, och detta \u00e4r ett av dem. Alla sammanhang d\u00e4r m\u00e4nniskor \u00e4r tillsammans, det \u00e4r s\u00e5dant som vi vill uppmuntra och hj\u00e4lpa till med firandet, s\u00e4ger Louise Ridell Ehinger.<\/p>\n<p>Designerna bakom kollektionen \u00e4r Darja Nordberg och Matilda Lindstam Nilsson.<\/p>\n<p><img loading=\"lazy\"   alt=\"\"\/><\/p>\n<p>Ikeas nya ramadan-kollektion.<\/p>\n<p>Foto: IKEA<\/p>\n<p>\u00d6ppna bild i helsk\u00e4rm<img loading=\"lazy\"   alt=\"\"\/><\/p>\n<p>Ikeas nya ramadan-kollektion.<\/p>\n<p>Foto: IKEA<\/p>\n<p>\u00d6ppna bild i helsk\u00e4rm<\/p>\n<p>Produkterna kommer att b\u00f6rja s\u00e4ljas i b\u00f6rjan av februari. Ramadan inleds den 18 februari och avslutas den 19 mars.\u00a0<\/p>\n","protected":false},"excerpt":{"rendered":"Publicerad 8 dec 2025 kl 10.53Uppdaterad kl 11.35 Julen \u00e4r inte ens h\u00e4r innan Ikea presenterar n\u00e4sta kollektion.\u00a0&hellip;\n","protected":false},"author":2,"featured_media":100052,"comment_status":"","ping_status":"","sticky":false,"template":"","format":"standard","meta":{"footnotes":""},"categories":[65],"tags":[72,70,71,4268,11512,34,154,31,33,32,30,5969],"class_list":{"0":"post-100051","1":"post","2":"type-post","3":"status-publish","4":"format-standard","5":"has-post-thumbnail","7":"category-ekonomi","8":"tag-business","9":"tag-economy","10":"tag-ekonomi","11":"tag-organization-ikea","12":"tag-organization-ramadan","13":"tag-se","14":"tag-sections-sverige","15":"tag-svenska","16":"tag-sverige","17":"tag-sweden","18":"tag-swedish","19":"tag-topic-hogtider"},"share_on_mastodon":{"url":"https:\/\/pubeurope.com\/@se\/115683530186638117","error":""},"_links":{"self":[{"href":"https:\/\/www.europesays.com\/se\/wp-json\/wp\/v2\/posts\/100051","targetHints":{"allow":["GET"]}}],"collection":[{"href":"https:\/\/www.europesays.com\/se\/wp-json\/wp\/v2\/posts"}],"about":[{"href":"https:\/\/www.europesays.com\/se\/wp-json\/wp\/v2\/types\/post"}],"author":[{"embeddable":true,"href":"https:\/\/www.europesays.com\/se\/wp-json\/wp\/v2\/users\/2"}],"replies":[{"embeddable":true,"href":"https:\/\/www.europesays.com\/se\/wp-json\/wp\/v2\/comments?post=100051"}],"version-history":[{"count":0,"href":"https:\/\/www.europesays.com\/se\/wp-json\/wp\/v2\/posts\/100051\/revisions"}],"wp:featuredmedia":[{"embeddable":true,"href":"https:\/\/www.europesays.com\/se\/wp-json\/wp\/v2\/media\/100052"}],"wp:attachment":[{"href":"https:\/\/www.europesays.com\/se\/wp-json\/wp\/v2\/media?parent=100051"}],"wp:term":[{"taxonomy":"category","embeddable":true,"href":"https:\/\/www.europesays.com\/se\/wp-json\/wp\/v2\/categories?post=100051"},{"taxonomy":"post_tag","embeddable":true,"href":"https:\/\/www.europesays.com\/se\/wp-json\/wp\/v2\/tags?post=100051"}],"curies":[{"name":"wp","href":"https:\/\/api.w.org\/{rel}","templated":true}]}}