{"id":100093,"date":"2025-12-08T11:21:08","date_gmt":"2025-12-08T11:21:08","guid":{"rendered":"https:\/\/www.europesays.com\/se\/100093\/"},"modified":"2025-12-08T11:21:08","modified_gmt":"2025-12-08T11:21:08","slug":"torssell-tror-pa-novo-nordisk-och-tva-svenska-aktier-kop-har-och-nu","status":"publish","type":"post","link":"https:\/\/www.europesays.com\/se\/100093\/","title":{"rendered":"Torssell tror p\u00e5 Novo Nordisk \u2013 och tv\u00e5 svenska aktier: &#8221;K\u00f6p h\u00e4r och nu&#8221;"},"content":{"rendered":"<p><strong>Tror p\u00e5 b\u00f6rsuppg\u00e5ng<\/strong><\/p>\n<p class=\"font-sans text-base text-text-main dark:text-text-main-dark font-normal leading-[1.4]\">P\u00e5 andra sidan Atlanten befinner sig S&amp;P500 i en uppg\u00e5ende trend. Torssell ser ett st\u00f6domr\u00e5de vid 6520 och ett motst\u00e5nd vid 6920.<\/p>\n<p class=\"font-sans text-base text-text-main dark:text-text-main-dark font-normal leading-[1.4]\">&#8221;Passeras motst\u00e5ndet, d\u00e5 borde index r\u00f6ra sig upp mot 7300 n\u00e5gonstans. Men om b\u00f6rsen skulle punktera st\u00f6domr\u00e5det 6520, ja d\u00e5 siktar jag p\u00e5 en nedg\u00e5ng mot 6200&#8221;, s\u00e4ger Torssell.<\/p>\n<p class=\"font-sans text-base text-text-main dark:text-text-main-dark font-normal leading-[1.4]\"><strong>Vad \u00e4r d\u00e5 troligast?<\/strong><\/p>\n<p class=\"font-sans text-base text-text-main dark:text-text-main-dark font-normal leading-[1.4]\">&#8221;Det h\u00e4r borde bryta ut p\u00e5 uppsidan f\u00f6r att vi \u00e4r i en sjukt stark s\u00e4song.&#8221;<\/p>\n<p class=\"font-sans text-base text-text-main dark:text-text-main-dark font-normal leading-[1.4]\">Nu st\u00e5r S&amp;P500 i 6870.<\/p>\n<p class=\"font-sans text-base text-text-main dark:text-text-main-dark font-normal leading-[1.4]\">S&amp;P har i genomsnitt sedan 1950 avkastat 4,4% i november, december och januari enligt analytikern. Analytikern lyfter att det \u00e4r extra intressant i \u00e5r. F\u00f6rsta maj till sista oktober brukar historiskt vara svagt.<\/p>\n<p class=\"font-sans text-base text-text-main dark:text-text-main-dark font-normal leading-[1.4]\">&#8221;Vi vet att all avkastning p\u00e5 b\u00f6rsen i stort sett har levererats under den starka sexm\u00e5nadersperioden och n\u00e4stan ingenting under den svaga.&#8221;<\/p>\n<p class=\"font-sans text-base text-text-main dark:text-text-main-dark font-normal leading-[1.4]\">I \u00e5r levererade S&amp;P500 en uppg\u00e5ng p\u00e5 23% under den &#8221;svaga perioden&#8221;. <\/p>\n<p class=\"font-sans text-base text-text-main dark:text-text-main-dark font-normal leading-[1.4]\">&#8221;H\u00e4r m\u00e5ste man b\u00f6rja fundera lite grann. Det vill s\u00e4ga, g\u00e5r det inte ner n\u00e4r det borde g\u00e5 ner eller \u00e4r det inte svagt n\u00e4r det borde vara svagt d\u00e5 \u00e4r det ju n\u00e5gonting annat p\u00e5 g\u00e5ng.&#8221; <\/p>\n<p class=\"font-sans text-base text-text-main dark:text-text-main-dark font-normal leading-[1.4]\">Torssell n\u00e4mner AI som kraft och ber\u00e4ttar att historiskt n\u00e4r svaga perioder varit starka &#8211; d\u00e5 har den starka perioden sedan varit \u00e4nnu starkare.<\/p>\n","protected":false},"excerpt":{"rendered":"Tror p\u00e5 b\u00f6rsuppg\u00e5ng P\u00e5 andra sidan Atlanten befinner sig S&amp;P500 i en uppg\u00e5ende trend. Torssell ser ett st\u00f6domr\u00e5de&hellip;\n","protected":false},"author":2,"featured_media":100094,"comment_status":"","ping_status":"","sticky":false,"template":"","format":"standard","meta":{"footnotes":""},"categories":[65],"tags":[2636,72,11515,70,71,1206,34,3075,31,33,32,30],"class_list":{"0":"post-100093","1":"post","2":"type-post","3":"status-publish","4":"format-standard","5":"has-post-thumbnail","7":"category-ekonomi","8":"tag-bioarctic","9":"tag-business","10":"tag-carnegie","11":"tag-economy","12":"tag-ekonomi","13":"tag-novo-nordisk","14":"tag-se","15":"tag-securitas","16":"tag-svenska","17":"tag-sverige","18":"tag-sweden","19":"tag-swedish"},"share_on_mastodon":{"url":"https:\/\/pubeurope.com\/@se\/115683687519668401","error":""},"_links":{"self":[{"href":"https:\/\/www.europesays.com\/se\/wp-json\/wp\/v2\/posts\/100093","targetHints":{"allow":["GET"]}}],"collection":[{"href":"https:\/\/www.europesays.com\/se\/wp-json\/wp\/v2\/posts"}],"about":[{"href":"https:\/\/www.europesays.com\/se\/wp-json\/wp\/v2\/types\/post"}],"author":[{"embeddable":true,"href":"https:\/\/www.europesays.com\/se\/wp-json\/wp\/v2\/users\/2"}],"replies":[{"embeddable":true,"href":"https:\/\/www.europesays.com\/se\/wp-json\/wp\/v2\/comments?post=100093"}],"version-history":[{"count":0,"href":"https:\/\/www.europesays.com\/se\/wp-json\/wp\/v2\/posts\/100093\/revisions"}],"wp:featuredmedia":[{"embeddable":true,"href":"https:\/\/www.europesays.com\/se\/wp-json\/wp\/v2\/media\/100094"}],"wp:attachment":[{"href":"https:\/\/www.europesays.com\/se\/wp-json\/wp\/v2\/media?parent=100093"}],"wp:term":[{"taxonomy":"category","embeddable":true,"href":"https:\/\/www.europesays.com\/se\/wp-json\/wp\/v2\/categories?post=100093"},{"taxonomy":"post_tag","embeddable":true,"href":"https:\/\/www.europesays.com\/se\/wp-json\/wp\/v2\/tags?post=100093"}],"curies":[{"name":"wp","href":"https:\/\/api.w.org\/{rel}","templated":true}]}}