{"id":100095,"date":"2025-12-08T11:22:12","date_gmt":"2025-12-08T11:22:12","guid":{"rendered":"https:\/\/www.europesays.com\/se\/100095\/"},"modified":"2025-12-08T11:22:12","modified_gmt":"2025-12-08T11:22:12","slug":"ovanliga-varmen-tio-plusgrader-i-skane-expressen","status":"publish","type":"post","link":"https:\/\/www.europesays.com\/se\/100095\/","title":{"rendered":"Ovanliga v\u00e4rmen: Tio plusgrader i Sk\u00e5ne &#8211; Expressen"},"content":{"rendered":"<ol>\n<li><a href=\"https:\/\/news.google.com\/rss\/articles\/CBMilwFBVV95cUxNd0xzSndGS3FBME01MWNWVktkZU5BYWstWjZLQlJ4OXhwUmpaT3poZm1ZaUdiamJvb0FranFUWUZiUUc3WE9yVGpXY2MyRjVGT1M1UU1LRldJdk1SMUc2alUyZFc2eURpLXoxckV5VFdveS1MblVScmJPNGNsSDkyR3FLUWNHUGlmU2F5MkFiZTUwTWw5NDlJ?oc=5\" target=\"_blank\" rel=\"nofollow noopener\">Ovanliga v\u00e4rmen: Tio plusgrader i Sk\u00e5ne<\/a>&nbsp;&nbsp;Expressen<\/li>\n<li><a href=\"https:\/\/news.google.com\/rss\/articles\/CBMirAFBVV95cUxNRjEzdFl1SmhRWW54NjJIX0JHcTV0bGNHVnNOVWFZMm9xVzBxNDk2Q0p2dnB6S3VJTzZneGpTSGtveEZvMHFrUk1adU9QOG53cEE1b2Z3c3VWR2pjWUZzUU12bnNWSTA3V1JBQnE4VWlGdkh1cm4wMl9jTDd2anlwNzRPLUFNSzZBVXR2UzBhcGhPc2Z4bXo2U2ZQaHBNcnRWOGtlbVlYdDJiNWZN?oc=5\" target=\"_blank\" rel=\"nofollow noopener\">Ovanligt varmt decemberv\u00e4der i G\u00f6teborg<\/a>&nbsp;&nbsp;GP<\/li>\n<li><a href=\"https:\/\/news.google.com\/rss\/articles\/CBMifkFVX3lxTFBDY09UdmhuM1dYXzkzT0ZvaW10bXRPZnlaSTVpU0gwQ2pVeFp6ZUdzZGJpc19vdmJVNlJvdDFLX3NyaWs1NXBtbXlTUkZTaVBrQUU3elh5OXVOam9Dc21uUThlaTdHMy0zcVVqZHN4Z3I0WU82OXVoZnNTQWEydw?oc=5\" target=\"_blank\" rel=\"nofollow noopener\">Fortsatt milt i december \u2013 v\u00e4rmerekordet \u00e4r i fara<\/a>&nbsp;&nbsp;Omni<\/li>\n<li><a href=\"https:\/\/news.google.com\/rss\/articles\/CBMiiwFBVV95cUxPaDk1VmJIalE5SXlHdzFjNThaYmpOdHRMZ0hWNnhKWnFtTzJfV1RFSXA4U1U5NGZCSExSUzl5ekh4QUdSWmZoRnpCdzM3MmhsTkVuUjhZeVNMcTF0SUp1dnM0bmd2bmJ5Ml9KRnFvRkNKUDhKZVN4YmV4d0ZpakwzeFRwYjBzMzF3WnZZ?oc=5\" target=\"_blank\" rel=\"nofollow noopener\">Ovanliga prognosen: Tv\u00e5siffriga plusgrader v\u00e4ntas i Sk\u00e5ne &#8211; P4 Kristianstad<\/a>&nbsp;&nbsp;Sveriges Radio<\/li>\n<li><a href=\"https:\/\/news.google.com\/rss\/articles\/CBMiZ0FVX3lxTE5yb3NpQnI1aHJFeW9GczE2aDdGeXV6dUZMR21fUFl5N3ZjRmEtQkI1ekpJdjZnU3B5eXVRUTlfdVNxN251U3JXMWh1Sms5LWVlN2JXSGpTb2lZWXAyTUlLb0h4RzdfTXc?oc=5\" target=\"_blank\" rel=\"nofollow noopener\">St\u00f6kigt v\u00e4der i veckan \u2013 d\u00e5 tittar kanske solen fram<\/a>&nbsp;&nbsp;Bor\u00e5s Tidning<\/li>\n<\/ol>\n","protected":false},"excerpt":{"rendered":"Ovanliga v\u00e4rmen: Tio plusgrader i Sk\u00e5ne&nbsp;&nbsp;Expressen Ovanligt varmt decemberv\u00e4der i G\u00f6teborg&nbsp;&nbsp;GP Fortsatt milt i december \u2013 v\u00e4rmerekordet \u00e4r&hellip;\n","protected":false},"author":2,"featured_media":62410,"comment_status":"","ping_status":"","sticky":false,"template":"","format":"standard","meta":{"footnotes":""},"categories":[14],"tags":[22,23,26,27,35,17,21,24,25,28,29,15,16,18,34,31,33,32,30,19,20,51,52,53,54],"class_list":{"0":"post-100095","1":"post","2":"type-post","3":"status-publish","4":"format-standard","5":"has-post-thumbnail","7":"category-varlden","8":"tag-breaking-news","9":"tag-breakingnews","10":"tag-featured-news","11":"tag-featurednews","12":"tag-function-ta-bort-ai-rost","13":"tag-headlines","14":"tag-huvudnyheter","15":"tag-latest-news","16":"tag-latestnews","17":"tag-main-news","18":"tag-mainnews","19":"tag-news","20":"tag-nyheter","21":"tag-rubriker","22":"tag-se","23":"tag-svenska","24":"tag-sverige","25":"tag-sweden","26":"tag-swedish","27":"tag-top-stories","28":"tag-topstories","29":"tag-varlden","30":"tag-world","31":"tag-world-news","32":"tag-worldnews"},"share_on_mastodon":{"url":"https:\/\/pubeurope.com\/@se\/115683691260723250","error":""},"_links":{"self":[{"href":"https:\/\/www.europesays.com\/se\/wp-json\/wp\/v2\/posts\/100095","targetHints":{"allow":["GET"]}}],"collection":[{"href":"https:\/\/www.europesays.com\/se\/wp-json\/wp\/v2\/posts"}],"about":[{"href":"https:\/\/www.europesays.com\/se\/wp-json\/wp\/v2\/types\/post"}],"author":[{"embeddable":true,"href":"https:\/\/www.europesays.com\/se\/wp-json\/wp\/v2\/users\/2"}],"replies":[{"embeddable":true,"href":"https:\/\/www.europesays.com\/se\/wp-json\/wp\/v2\/comments?post=100095"}],"version-history":[{"count":0,"href":"https:\/\/www.europesays.com\/se\/wp-json\/wp\/v2\/posts\/100095\/revisions"}],"wp:featuredmedia":[{"embeddable":true,"href":"https:\/\/www.europesays.com\/se\/wp-json\/wp\/v2\/media\/62410"}],"wp:attachment":[{"href":"https:\/\/www.europesays.com\/se\/wp-json\/wp\/v2\/media?parent=100095"}],"wp:term":[{"taxonomy":"category","embeddable":true,"href":"https:\/\/www.europesays.com\/se\/wp-json\/wp\/v2\/categories?post=100095"},{"taxonomy":"post_tag","embeddable":true,"href":"https:\/\/www.europesays.com\/se\/wp-json\/wp\/v2\/tags?post=100095"}],"curies":[{"name":"wp","href":"https:\/\/api.w.org\/{rel}","templated":true}]}}