{"id":100096,"date":"2025-12-08T11:24:18","date_gmt":"2025-12-08T11:24:18","guid":{"rendered":"https:\/\/www.europesays.com\/se\/100096\/"},"modified":"2025-12-08T11:24:18","modified_gmt":"2025-12-08T11:24:18","slug":"sociala-medier-kan-ge-samre-fokus-hos-barn","status":"publish","type":"post","link":"https:\/\/www.europesays.com\/se\/100096\/","title":{"rendered":"Sociala medier kan ge s\u00e4mre fokus hos barn"},"content":{"rendered":"<p>Av Mikaela \u00c5kerman<br \/>Publicerad 8 december, 09:32. Uppdaterad 8 december, 09:38<\/p>\n<p>Barn som \u00e4gnar mycket tid \u00e5t sociala medier f\u00e5r gradvis s\u00e4mre koncentrationsf\u00f6rm\u00e5ga. Det visar en stor studie fr\u00e5n Karolinska Institutet och ett amerikanskt universitet, d\u00e4r forskare f\u00f6ljt \u00f6ver 8 000 barn mellan 9 och 14 \u00e5r.<\/p>\n<p>Enligt studien var det just sociala medier som stack ut. Mycket tid p\u00e5 appar som Instagram, Snapchat och Tiktok h\u00e4ngde ihop med f\u00f6rs\u00e4mrad f\u00f6rm\u00e5ga att h\u00e5lla fokus. D\u00e4remot s\u00e5g forskarna inget liknande samband f\u00f6r tv-tittande eller datorspel.<\/p>\n<p>\u2013 Sociala medier inneb\u00e4r ofta snabba v\u00e4xlingar mellan inneh\u00e5ll och st\u00e4ndiga distraktioner i form av meddelanden och notiser. Det p\u00e5verkar f\u00f6rm\u00e5gan att h\u00e5lla fokus och skulle kunna f\u00f6rklara sambandet, s\u00e4ger Torkel Klingberg, professor i kognitiv neurovetenskap vid Karolinska Institutet.<\/p>\n<p>Forskarna betonar att effekten \u00e4r liten f\u00f6r varje enskilt barn, men att den kan m\u00e4rkas p\u00e5 befolkningsniv\u00e5. De menar ocks\u00e5 att resultaten v\u00e4cker fr\u00e5gor om \u00e5ldersgr\u00e4nser och hur plattformar b\u00f6r utformas.<\/p>\n<p>Omni \u00e4r politiskt obundna och oberoende. Vi str\u00e4var efter att ge fler perspektiv p\u00e5 nyheterna. Har du fr\u00e5gor eller synpunkter kring v\u00e5r rapportering? <a href=\"https:\/\/omni.se\/studie-sociala-medier-kan-ge-samre-fokus-hos-barn\/a\/mailto:redaktion@omni.se\" class=\"ArticleActions_contactLink__W2F1M\" rel=\"nofollow noopener\" target=\"_blank\">Kontakta redaktionen<\/a><\/p>\n","protected":false},"excerpt":{"rendered":"Av Mikaela \u00c5kermanPublicerad 8 december, 09:32. Uppdaterad 8 december, 09:38 Barn som \u00e4gnar mycket tid \u00e5t sociala medier&hellip;\n","protected":false},"author":2,"featured_media":100097,"comment_status":"","ping_status":"","sticky":false,"template":"","format":"standard","meta":{"footnotes":""},"categories":[5],"tags":[22,23,5451,26,27,332,17,21,24,25,28,29,15,16,18,34,636,31,33,32,30,19,20],"class_list":{"0":"post-100096","1":"post","2":"type-post","3":"status-publish","4":"format-standard","5":"has-post-thumbnail","7":"category-rubriker","8":"tag-breaking-news","9":"tag-breakingnews","10":"tag-datorspel","11":"tag-featured-news","12":"tag-featurednews","13":"tag-forskning-vetenskap","14":"tag-headlines","15":"tag-huvudnyheter","16":"tag-latest-news","17":"tag-latestnews","18":"tag-main-news","19":"tag-mainnews","20":"tag-news","21":"tag-nyheter","22":"tag-rubriker","23":"tag-se","24":"tag-sociala-medier","25":"tag-svenska","26":"tag-sverige","27":"tag-sweden","28":"tag-swedish","29":"tag-top-stories","30":"tag-topstories"},"share_on_mastodon":{"url":"https:\/\/pubeurope.com\/@se\/115683699135774556","error":""},"_links":{"self":[{"href":"https:\/\/www.europesays.com\/se\/wp-json\/wp\/v2\/posts\/100096","targetHints":{"allow":["GET"]}}],"collection":[{"href":"https:\/\/www.europesays.com\/se\/wp-json\/wp\/v2\/posts"}],"about":[{"href":"https:\/\/www.europesays.com\/se\/wp-json\/wp\/v2\/types\/post"}],"author":[{"embeddable":true,"href":"https:\/\/www.europesays.com\/se\/wp-json\/wp\/v2\/users\/2"}],"replies":[{"embeddable":true,"href":"https:\/\/www.europesays.com\/se\/wp-json\/wp\/v2\/comments?post=100096"}],"version-history":[{"count":0,"href":"https:\/\/www.europesays.com\/se\/wp-json\/wp\/v2\/posts\/100096\/revisions"}],"wp:featuredmedia":[{"embeddable":true,"href":"https:\/\/www.europesays.com\/se\/wp-json\/wp\/v2\/media\/100097"}],"wp:attachment":[{"href":"https:\/\/www.europesays.com\/se\/wp-json\/wp\/v2\/media?parent=100096"}],"wp:term":[{"taxonomy":"category","embeddable":true,"href":"https:\/\/www.europesays.com\/se\/wp-json\/wp\/v2\/categories?post=100096"},{"taxonomy":"post_tag","embeddable":true,"href":"https:\/\/www.europesays.com\/se\/wp-json\/wp\/v2\/tags?post=100096"}],"curies":[{"name":"wp","href":"https:\/\/api.w.org\/{rel}","templated":true}]}}