{"id":10010,"date":"2025-08-21T07:40:07","date_gmt":"2025-08-21T07:40:07","guid":{"rendered":"https:\/\/www.europesays.com\/se\/10010\/"},"modified":"2025-08-21T07:40:07","modified_gmt":"2025-08-21T07:40:07","slug":"m-ilska-mot-elpriserna-helt-uppat-vaggarna","status":"publish","type":"post","link":"https:\/\/www.europesays.com\/se\/10010\/","title":{"rendered":"M-ilska mot elpriserna: \u201dHelt upp\u00e5t v\u00e4ggarna\u201d"},"content":{"rendered":"<p>Elpriset rusar i s\u00f6dra Sverige och det \u00e4r \u201dhelt upp\u00e5t v\u00e4ggarna\u201d tycker M-toppen Christian Sonesson i sk\u00e5nska Staffanstorp. <\/p>\n<p>\u2013 Det \u00e4r en stor grundl\u00e4ggande or\u00e4ttvisa eftersom det har p\u00e5g\u00e5tt s\u00e5 m\u00e5nga \u00e5r, s\u00e4ger han till Expressen. <\/p>\n<p>Han menar att grunden \u00e4r \u201ddet puckade beslutet\u201d att l\u00e4gga ner k\u00e4rnkraften. Han vill nu att regeringen, ledd av det egna partiet, borde g\u00f6ra mer f\u00f6r att b\u00e5de bygga ut k\u00e4rnkraften p\u00e5 l\u00e4ngre sikt och att \u00f6ka energitillg\u00e5ngen p\u00e5 kort sikt. <\/p>\n<p>I sydligaste Sverige \u00e4r elpriset p\u00e5 v\u00e4g mot den h\u00f6gsta niv\u00e5n sedan i vintras, skriver TT. Snittet i elomr\u00e5de fyra ligger p\u00e5 63 \u00f6re per kilowattimme, att j\u00e4mf\u00f6ra med mellan sex och sju \u00f6re i Norrland. <\/p>\n<p>Omni \u00e4r politiskt obundna och oberoende. Vi str\u00e4var efter att ge fler perspektiv p\u00e5 nyheterna. Har du fr\u00e5gor eller synpunkter kring v\u00e5r rapportering? <a href=\"https:\/\/omni.se\/m-ilska-mot-elpriserna-helt-uppat-vaggarna\/a\/mailto:redaktion@omni.se\" class=\"ArticleActions_contactLink__W2F1M\" rel=\"nofollow noopener\" target=\"_blank\">Kontakta redaktionen<\/a><\/p>\n","protected":false},"excerpt":{"rendered":"Elpriset rusar i s\u00f6dra Sverige och det \u00e4r \u201dhelt upp\u00e5t v\u00e4ggarna\u201d tycker M-toppen Christian Sonesson i sk\u00e5nska Staffanstorp.&hellip;\n","protected":false},"author":2,"featured_media":10011,"comment_status":"","ping_status":"","sticky":false,"template":"","format":"standard","meta":{"footnotes":""},"categories":[65],"tags":[72,70,71,1426,551,369,34,389,1425,31,33,32,30],"class_list":{"0":"post-10010","1":"post","2":"type-post","3":"status-publish","4":"format-standard","5":"has-post-thumbnail","7":"category-ekonomi","8":"tag-business","9":"tag-economy","10":"tag-ekonomi","11":"tag-energipolitik","12":"tag-moderaterna","13":"tag-politik","14":"tag-se","15":"tag-skane-lan","16":"tag-staffanstorp","17":"tag-svenska","18":"tag-sverige","19":"tag-sweden","20":"tag-swedish"},"share_on_mastodon":{"url":"","error":""},"_links":{"self":[{"href":"https:\/\/www.europesays.com\/se\/wp-json\/wp\/v2\/posts\/10010","targetHints":{"allow":["GET"]}}],"collection":[{"href":"https:\/\/www.europesays.com\/se\/wp-json\/wp\/v2\/posts"}],"about":[{"href":"https:\/\/www.europesays.com\/se\/wp-json\/wp\/v2\/types\/post"}],"author":[{"embeddable":true,"href":"https:\/\/www.europesays.com\/se\/wp-json\/wp\/v2\/users\/2"}],"replies":[{"embeddable":true,"href":"https:\/\/www.europesays.com\/se\/wp-json\/wp\/v2\/comments?post=10010"}],"version-history":[{"count":0,"href":"https:\/\/www.europesays.com\/se\/wp-json\/wp\/v2\/posts\/10010\/revisions"}],"wp:featuredmedia":[{"embeddable":true,"href":"https:\/\/www.europesays.com\/se\/wp-json\/wp\/v2\/media\/10011"}],"wp:attachment":[{"href":"https:\/\/www.europesays.com\/se\/wp-json\/wp\/v2\/media?parent=10010"}],"wp:term":[{"taxonomy":"category","embeddable":true,"href":"https:\/\/www.europesays.com\/se\/wp-json\/wp\/v2\/categories?post=10010"},{"taxonomy":"post_tag","embeddable":true,"href":"https:\/\/www.europesays.com\/se\/wp-json\/wp\/v2\/tags?post=10010"}],"curies":[{"name":"wp","href":"https:\/\/api.w.org\/{rel}","templated":true}]}}