{"id":100111,"date":"2025-12-08T11:41:10","date_gmt":"2025-12-08T11:41:10","guid":{"rendered":"https:\/\/www.europesays.com\/se\/100111\/"},"modified":"2025-12-08T11:41:10","modified_gmt":"2025-12-08T11:41:10","slug":"karin-dembrower-far-2025-ars-aiki-award","status":"publish","type":"post","link":"https:\/\/www.europesays.com\/se\/100111\/","title":{"rendered":"Karin Dembrower f\u00e5r 2025 \u00e5rs AI@KI Award"},"content":{"rendered":"<p>Bild:<\/p>\n<p> <img decoding=\"async\" src=\"https:\/\/www.europesays.com\/se\/wp-content\/uploads\/2025\/12\/IMG_3791_custom20251208093532.jpg\" alt=\"Kvinnlig forskare tar emot pris\"\/><\/p>\n<p>Rubrik:<\/p>\n<p> Karin Dembrower \u00e4r forskare vid Karolinska Institutet, \u00f6verl\u00e4kare inom br\u00f6stradiologi och verksamhetschef vid Br\u00f6stradiologiska enheten p\u00e5 Capio Sankt G\u00f6rans sjukhus samt vice ordf\u00f6rande i Svensk F\u00f6rening f\u00f6r Br\u00f6stradiologi. Foto: Erika Bellander<\/p>\n<p>Karin Dembrowers arbete vid KI har direkt f\u00f6rb\u00e4ttrat s\u00e4kerheten och precisionen vid diagnostik och behandling av br\u00f6stcancer, och visar p\u00e5 en s\u00e4llsynt och betydelsefull integration av vetenskap och patientv\u00e5rd.<\/p>\n<p>Hon mottog priset vid konferensen Advances in Artificial Intelligence at Karolinska Institutet, som h\u00e5lls tv\u00e5 g\u00e5nger per \u00e5r f\u00f6r att uppm\u00e4rksamma aktuella framsteg.<\/p>\n<p>\u00c5r 2025 publicerade hon en artikel i Radiology som presenterade en studie av h\u00f6g vetenskaplig kvalitet och introducerade ett nytt s\u00e4tt att anv\u00e4nda AI vid br\u00f6stcancerscreening. Studien visade att b\u00e5de \u201dendast AI\u201d och \u201dAI-paneler tillsammans med m\u00e4nskliga radiologer\u201d ger kliniskt anv\u00e4ndbara resultat.<\/p>\n<p><strong>F\u00f6rst med AI-baserad granskning\u00a0<\/strong><\/p>\n<p>Med dessa resultat som grund blev Capio S:t G\u00f6rans mammografienhet den f\u00f6rsta br\u00f6stcancerkliniken i v\u00e4rlden att ers\u00e4tta en av tv\u00e5 radiologer med AI \u2013 ett dj\u00e4rvt steg som \u00f6kade effektiviteten och gav en 4 % h\u00f6gre cancerdetektionsgrad j\u00e4mf\u00f6rt med traditionell dubbelgranskning av bilder.<\/p>\n<p><strong>Kortare v\u00e4ntetider\u00a0<\/strong><\/p>\n<p>F\u00f6r\u00e4ndringen har ocks\u00e5 minskat granskningstiden med mer \u00e4n 36 procent, vilket har lett till betydligt kortare v\u00e4ntetider f\u00f6r patienter och snabbare tillg\u00e5ng till v\u00e5rd.<\/p>\n<p>\u00c4ven om det fulla genomslaget av detta arbete fortfarande utvecklas har Karin Dembrowers studie redan v\u00e4ckt stor uppm\u00e4rksamhet, och dess p\u00e5verkan kommer att m\u00e4rkas internationellt under de kommande \u00e5ren.<\/p>\n","protected":false},"excerpt":{"rendered":"Bild: Rubrik: Karin Dembrower \u00e4r forskare vid Karolinska Institutet, \u00f6verl\u00e4kare inom br\u00f6stradiologi och verksamhetschef vid Br\u00f6stradiologiska enheten p\u00e5&hellip;\n","protected":false},"author":2,"featured_media":100112,"comment_status":"","ping_status":"","sticky":false,"template":"","format":"standard","meta":{"footnotes":""},"categories":[69],"tags":[113,112,34,31,33,32,30],"class_list":{"0":"post-100111","1":"post","2":"type-post","3":"status-publish","4":"format-standard","5":"has-post-thumbnail","7":"category-halsa","8":"tag-halsa","9":"tag-health","10":"tag-se","11":"tag-svenska","12":"tag-sverige","13":"tag-sweden","14":"tag-swedish"},"share_on_mastodon":{"url":"https:\/\/pubeurope.com\/@se\/115683766158880964","error":""},"_links":{"self":[{"href":"https:\/\/www.europesays.com\/se\/wp-json\/wp\/v2\/posts\/100111","targetHints":{"allow":["GET"]}}],"collection":[{"href":"https:\/\/www.europesays.com\/se\/wp-json\/wp\/v2\/posts"}],"about":[{"href":"https:\/\/www.europesays.com\/se\/wp-json\/wp\/v2\/types\/post"}],"author":[{"embeddable":true,"href":"https:\/\/www.europesays.com\/se\/wp-json\/wp\/v2\/users\/2"}],"replies":[{"embeddable":true,"href":"https:\/\/www.europesays.com\/se\/wp-json\/wp\/v2\/comments?post=100111"}],"version-history":[{"count":0,"href":"https:\/\/www.europesays.com\/se\/wp-json\/wp\/v2\/posts\/100111\/revisions"}],"wp:featuredmedia":[{"embeddable":true,"href":"https:\/\/www.europesays.com\/se\/wp-json\/wp\/v2\/media\/100112"}],"wp:attachment":[{"href":"https:\/\/www.europesays.com\/se\/wp-json\/wp\/v2\/media?parent=100111"}],"wp:term":[{"taxonomy":"category","embeddable":true,"href":"https:\/\/www.europesays.com\/se\/wp-json\/wp\/v2\/categories?post=100111"},{"taxonomy":"post_tag","embeddable":true,"href":"https:\/\/www.europesays.com\/se\/wp-json\/wp\/v2\/tags?post=100111"}],"curies":[{"name":"wp","href":"https:\/\/api.w.org\/{rel}","templated":true}]}}