{"id":100127,"date":"2025-12-08T11:58:14","date_gmt":"2025-12-08T11:58:14","guid":{"rendered":"https:\/\/www.europesays.com\/se\/100127\/"},"modified":"2025-12-08T11:58:14","modified_gmt":"2025-12-08T11:58:14","slug":"ifk-goteborg-blev-skandinaviska-mastare-unicoach","status":"publish","type":"post","link":"https:\/\/www.europesays.com\/se\/100127\/","title":{"rendered":"IFK G\u00f6teborg blev skandinaviska m\u00e4stare &#8211; Unicoach"},"content":{"rendered":"<p><strong>\u2013 Vem trodde det?<\/strong><br \/><strong>Fr\u00e5gan kommer fr\u00e5n Loke Grahn, tr\u00e4nare f\u00f6r det IFK G\u00f6teborg som i slut\u00e4ndan tog hem Skandinaviska M\u00e4sterskapen f\u00f6r P17-lag, via finalseger mot danska FC Nordsj\u00e4lland.<\/strong><\/p>\n<p>N\u00e4r Malm\u00f6 FF tackade nej till att medverka i \u00e5rets upplaga av turneringen, som h\u00e5lls i Ryda fotbollshall i Bor\u00e5s, s\u00e5 hamnade ist\u00e4llet erbjudandet hos IFK G\u00f6teborg.<\/p>\n<p>Och nog var det ett bra beslut att tacka ja, efter en vecka d\u00e4r laget g\u00e5tt fr\u00e5n klarhet till klarhet och s\u00e4krade en finalplats via tv\u00e5 segrar samt ett kryss i gruppen.<\/p>\n<p>Ett stark FC Nordsj\u00e4lland \u2013 med de svenska 09:orna Rayan Bardghji och Leonel Eklund fr\u00e5n start \u2013 stod f\u00f6r motst\u00e5ndet, och tog ocks\u00e5 en tidig ledning n\u00e4r Eklund f\u00f6rvaltade en straffretur.<\/p>\n<p><img fetchpriority=\"high\" decoding=\"async\" width=\"1024\" height=\"683\" src=\"https:\/\/www.europesays.com\/se\/wp-content\/uploads\/2025\/12\/BB251207CS122-1024x683.jpg\" alt=\"\" class=\"wp-image-21188\"  \/>251207 IFK G\u00f6teborgs Oliver M\u00e5nsson och Haydar Sultan jublar efter 2-1 under finalen i Skandinaviska M\u00e4sterskapen mellan IFK G\u00f6teborg och Nordsj\u00e4lland den 7 december 2025 i Bor\u00e5s.<br \/>\nFoto: Carl Sandin \/ BILDBYR\u00c5N \/ kod CS \/ CS0822<\/p>\n<p>Haydar Sultan, som kanske var hela m\u00e4sterskapets MVP, kvitterade sedan med en vacker soloaktion, och i b\u00f6rjan av andra halvlek kom 2-1 n\u00e4r Oliver M\u00e5nsson skickade ett direktskott i n\u00e4t efter ett v\u00e4nsterinl\u00e4gg.<\/p>\n<p>N\u00e4r 3-1 kom i minut 70, genom ett kanonskott fr\u00e5n Hannes Sk\u00e5nberg, s\u00e5 verkade allt vara klappat och klart. Men s\u00e5 blev det knappast.<\/p>\n<p>\u2013 Vi har knappt vilat en spelare under veckan och m\u00e5nga har spelat fyra raka 90-minutersfajter, vilket visade sig i slutet av andra halvlek n\u00e4r vi inte orkade beh\u00e5lla bollen efter bollvinsterna, konstaterar Loke Grahn, som var en del av ett sju man starkt ledarteam f\u00f6r IFK G\u00f6teborg i finalen.<\/p>\n<p>De fick f\u00f6rmodligen alla n\u00e5gra nya gr\u00e5a h\u00e5r p\u00e5 slutet n\u00e4r Nordsj\u00e4lland reducerade och dessutom v\u00e4djade om att f\u00e5 en ny straffspark vid tv\u00e5 separata tillf\u00e4llen.<\/p>\n<p><img loading=\"lazy\" decoding=\"async\" width=\"1024\" height=\"683\" src=\"https:\/\/www.europesays.com\/se\/wp-content\/uploads\/2025\/12\/BB251207CS145-1024x683.jpg\" alt=\"\" class=\"wp-image-21189\"  \/>251207 IFK G\u00f6teborgs Hannes Sk\u00e5nberg jublar efter finalen i Skandinaviska M\u00e4sterskapen mellan IFK G\u00f6teborg och Nordsj\u00e4lland den 7 december 2025 i Bor\u00e5s.<br \/>\nFoto: Carl Sandin \/ BILDBYR\u00c5N \/ kod CS \/ CS0822<\/p>\n<p>Men n\u00e4r slutsignalen lj\u00f6d s\u00e5 var IFK G\u00f6teborg m\u00e4stare f\u00f6r f\u00f6rsta g\u00e5ngen sedan <a href=\"https:\/\/unicoach.se\/2022\/12\/ifk-goteborg-u17-mastare-i-skandinaviska-masterskapen\/\" rel=\"nofollow noopener\" target=\"_blank\">2022<\/a>.<\/p>\n<p>\u2013 Vem trodde det? P\u00e5 f\u00f6rhand var vi nog inte topptippade, men innerst inne hade vi tron p\u00e5 det, allihop. Det har inte funnits en tvekan om att vi kan g\u00e5 hela v\u00e4gen. Det finns en otrolig h\u00f6jd i den h\u00e4r gruppen och framf\u00f6rallt en lojalitet mot varandra. F\u00f6rsvarsjobbet idag i andra halvlek var fantastiskt!<\/p>\n<p>Och sj\u00e4lv kunde inte Grahn k\u00e4nna n\u00e5got annat \u00e4n en enorm stolthet efter\u00e5t:<\/p>\n<p>\u2013 Grabbarna har vuxit som individer under veckan \u00e5ret, vilken resa de har gjort under 2025. Vi har inte vunnit alla turneringar men aldrig slutat st\u00f6tta och ta hand om varandra. De har varit otroligt fina lagkamrater som jobbat stenh\u00e5rt f\u00f6r varandra.<\/p>\n<p><img loading=\"lazy\" decoding=\"async\" width=\"1024\" height=\"683\" src=\"https:\/\/www.europesays.com\/se\/wp-content\/uploads\/2025\/12\/BB251207CS126-1024x683.jpg\" alt=\"\" class=\"wp-image-21190\"  \/>251207 IFK G\u00f6teborgs Hannes Sk\u00e5nberg, Malte Hallingsj\u00f6, Hugo Olsson och Axel Sj\u00f6str\u00f6m Falk under finalen i Skandinaviska M\u00e4sterskapen mellan IFK G\u00f6teborg och Nordsj\u00e4lland den 7 december 2025 i Bor\u00e5s.<br \/>\nFoto: Carl Sandin \/ BILDBYR\u00c5N \/ kod CS \/ CS0822<\/p>\n<p><strong>Skandinaviska M\u00e4sterskapen P17, final<br \/>IFK G\u00f6teborg \u2013 FC Nordsj\u00e4lland 3-2 (1-1)<br \/>M\u00e5len: <\/strong>0-1 (5) Leonel Eklund, 1-1 (22) Haydar Sultan, 2-1 (50) Oliver M\u00e5nsson, 3-1 (71) Hannes Sk\u00e5nberg, 3-2 (86) Magnus Rasmussen<\/p>\n<p>Se samtliga resultat fr\u00e5n turneringen <a href=\"https:\/\/unicoach.se\/2025\/12\/sa-spelas-skandinaviska-masterskapen-for-p17-lag\/\" rel=\"nofollow noopener\" target=\"_blank\">h\u00e4r!<\/a><\/p>\n<p><strong>Foto<\/strong>: Carl Sandin\/Bildbyr\u00e5n<\/p>\n","protected":false},"excerpt":{"rendered":"\u2013 Vem trodde det?Fr\u00e5gan kommer fr\u00e5n Loke Grahn, tr\u00e4nare f\u00f6r det IFK G\u00f6teborg som i slut\u00e4ndan tog hem&hellip;\n","protected":false},"author":2,"featured_media":100128,"comment_status":"","ping_status":"","sticky":false,"template":"","format":"standard","meta":{"footnotes":""},"categories":[68],"tags":[1102,34,111,110,31,33,32,30],"class_list":{"0":"post-100127","1":"post","2":"type-post","3":"status-publish","4":"format-standard","5":"has-post-thumbnail","7":"category-sport","8":"tag-ifk-goteborg","9":"tag-se","10":"tag-sport","11":"tag-sports","12":"tag-svenska","13":"tag-sverige","14":"tag-sweden","15":"tag-swedish"},"share_on_mastodon":{"url":"https:\/\/pubeurope.com\/@se\/115683833265107839","error":""},"_links":{"self":[{"href":"https:\/\/www.europesays.com\/se\/wp-json\/wp\/v2\/posts\/100127","targetHints":{"allow":["GET"]}}],"collection":[{"href":"https:\/\/www.europesays.com\/se\/wp-json\/wp\/v2\/posts"}],"about":[{"href":"https:\/\/www.europesays.com\/se\/wp-json\/wp\/v2\/types\/post"}],"author":[{"embeddable":true,"href":"https:\/\/www.europesays.com\/se\/wp-json\/wp\/v2\/users\/2"}],"replies":[{"embeddable":true,"href":"https:\/\/www.europesays.com\/se\/wp-json\/wp\/v2\/comments?post=100127"}],"version-history":[{"count":0,"href":"https:\/\/www.europesays.com\/se\/wp-json\/wp\/v2\/posts\/100127\/revisions"}],"wp:featuredmedia":[{"embeddable":true,"href":"https:\/\/www.europesays.com\/se\/wp-json\/wp\/v2\/media\/100128"}],"wp:attachment":[{"href":"https:\/\/www.europesays.com\/se\/wp-json\/wp\/v2\/media?parent=100127"}],"wp:term":[{"taxonomy":"category","embeddable":true,"href":"https:\/\/www.europesays.com\/se\/wp-json\/wp\/v2\/categories?post=100127"},{"taxonomy":"post_tag","embeddable":true,"href":"https:\/\/www.europesays.com\/se\/wp-json\/wp\/v2\/tags?post=100127"}],"curies":[{"name":"wp","href":"https:\/\/api.w.org\/{rel}","templated":true}]}}