{"id":100132,"date":"2025-12-08T12:04:33","date_gmt":"2025-12-08T12:04:33","guid":{"rendered":"https:\/\/www.europesays.com\/se\/100132\/"},"modified":"2025-12-08T12:04:33","modified_gmt":"2025-12-08T12:04:33","slug":"kim-kallstrom-kan-tvingas-lamna-som-fotbollschef","status":"publish","type":"post","link":"https:\/\/www.europesays.com\/se\/100132\/","title":{"rendered":"Kim K\u00e4llstr\u00f6m kan tvingas l\u00e4mna som fotbollschef"},"content":{"rendered":"<p>Publicerad 8 dec 2025 kl 12.26Uppdaterad kl 13.01<\/p>\n<p>Kim K\u00e4llstr\u00f6m ser ut att f\u00e5 l\u00e4mna jobbet som fotbollschef p\u00e5 Svenska fotbollf\u00f6rbundet.<\/p>\n<p>Under m\u00e5ndagen informerades medarbetare om en omorganisation d\u00e4r K\u00e4llstr\u00f6m f\u00e5r \u201den ny roll\u201d.<\/p>\n<p>Det uppger flera k\u00e4llor f\u00f6r Expressen.<\/p>\n<p><img   alt=\"\"\/> <\/p>\n<p>Foto: SIMON HASTEG\u00c5RD \/ BILDBYR\u00c5N<\/p>\n<p>\u00d6ppna bild i helsk\u00e4rm<\/p>\n<p>Det var i december 2023 som <a href=\"https:\/\/www.expressen.se\/tagg\/person\/kim-kallstrom\/\" class=\"\" rel=\"nofollow noopener\" target=\"_blank\">Kim K\u00e4llstr\u00f6m<\/a> anst\u00e4lldes som fotbollschef p\u00e5 Svenska fotbollf\u00f6rbundet. Rollen var d\u00e5 ny.<\/p>\n<p>I b\u00f6rjan av 2025 fick Andrea M\u00f6llerberg, den generalsekreterare som anst\u00e4llde K\u00e4llstr\u00f6m, sparken fr\u00e5n sitt jobb. Kort d\u00e4refter r\u00f6stades \u00e4ven Simon \u00c5str\u00f6m in som ordf\u00f6rande och ersatte Fredrik Reinfeldt.<\/p>\n<p>Nu ser \u00e4ven K\u00e4llstr\u00f6m ut att f\u00e5 l\u00e4mna sin position.\u00a0<\/p>\n<p>F\u00f6rbundsstyrelsen presenterade under m\u00e5ndagen en omorganisation i vilken K\u00e4llstr\u00f6m f\u00f6resl\u00e5s f\u00e5 en ny roll. Hur han st\u00e4ller sig till det framg\u00e5r inte av Expressens uppgifter.\u00a0<\/p>\n<p>Omorganisationen ska godk\u00e4nnas av f\u00f6rbundsledningen.<\/p>\n<p>Kallades till m\u00f6ten med kort varsel<\/p>\n<p>F\u00f6rbundets personal kallades under m\u00e5ndagen till ett antal m\u00f6ten med kort varsel, enligt Expressens uppgifter. V\u00e4l d\u00e4r informerades man om f\u00f6r\u00e4ndringarna.<\/p>\n<p>K\u00e4llstr\u00f6m var med och rekryterade Jon Dahl Tomasson som ny f\u00f6rbundskapten i inledningen av 2024. Under h\u00f6sten fick \u00e4ven dansken sparken och ersattes av Graham Potter.<\/p>\n<p>I januari tilltr\u00e4der den f\u00f6re detta Malm\u00f6 FF-vd:n Niclas Carln\u00e9n som ny generalsekreterare p\u00e5 f\u00f6rbundet.<\/p>\n<p>Expressen har s\u00f6kt Kim K\u00e4llstr\u00f6m.<\/p>\n","protected":false},"excerpt":{"rendered":"Publicerad 8 dec 2025 kl 12.26Uppdaterad kl 13.01 Kim K\u00e4llstr\u00f6m ser ut att f\u00e5 l\u00e4mna jobbet som fotbollschef&hellip;\n","protected":false},"author":2,"featured_media":100133,"comment_status":"","ping_status":"","sticky":false,"template":"","format":"standard","meta":{"footnotes":""},"categories":[5],"tags":[22,23,26,27,17,21,24,25,28,29,15,16,3166,11517,18,34,129,146,31,33,32,30,19,20],"class_list":{"0":"post-100132","1":"post","2":"type-post","3":"status-publish","4":"format-standard","5":"has-post-thumbnail","7":"category-rubriker","8":"tag-breaking-news","9":"tag-breakingnews","10":"tag-featured-news","11":"tag-featurednews","12":"tag-headlines","13":"tag-huvudnyheter","14":"tag-latest-news","15":"tag-latestnews","16":"tag-main-news","17":"tag-mainnews","18":"tag-news","19":"tag-nyheter","20":"tag-organization-svenska-fotbollforbundet","21":"tag-person-kim-kallstrom","22":"tag-rubriker","23":"tag-se","24":"tag-sections-fotboll","25":"tag-sections-landslaget","26":"tag-svenska","27":"tag-sverige","28":"tag-sweden","29":"tag-swedish","30":"tag-top-stories","31":"tag-topstories"},"share_on_mastodon":{"url":"https:\/\/pubeurope.com\/@se\/115683856447929424","error":""},"_links":{"self":[{"href":"https:\/\/www.europesays.com\/se\/wp-json\/wp\/v2\/posts\/100132","targetHints":{"allow":["GET"]}}],"collection":[{"href":"https:\/\/www.europesays.com\/se\/wp-json\/wp\/v2\/posts"}],"about":[{"href":"https:\/\/www.europesays.com\/se\/wp-json\/wp\/v2\/types\/post"}],"author":[{"embeddable":true,"href":"https:\/\/www.europesays.com\/se\/wp-json\/wp\/v2\/users\/2"}],"replies":[{"embeddable":true,"href":"https:\/\/www.europesays.com\/se\/wp-json\/wp\/v2\/comments?post=100132"}],"version-history":[{"count":0,"href":"https:\/\/www.europesays.com\/se\/wp-json\/wp\/v2\/posts\/100132\/revisions"}],"wp:featuredmedia":[{"embeddable":true,"href":"https:\/\/www.europesays.com\/se\/wp-json\/wp\/v2\/media\/100133"}],"wp:attachment":[{"href":"https:\/\/www.europesays.com\/se\/wp-json\/wp\/v2\/media?parent=100132"}],"wp:term":[{"taxonomy":"category","embeddable":true,"href":"https:\/\/www.europesays.com\/se\/wp-json\/wp\/v2\/categories?post=100132"},{"taxonomy":"post_tag","embeddable":true,"href":"https:\/\/www.europesays.com\/se\/wp-json\/wp\/v2\/tags?post=100132"}],"curies":[{"name":"wp","href":"https:\/\/api.w.org\/{rel}","templated":true}]}}