{"id":100163,"date":"2025-12-08T12:41:23","date_gmt":"2025-12-08T12:41:23","guid":{"rendered":"https:\/\/www.europesays.com\/se\/100163\/"},"modified":"2025-12-08T12:41:23","modified_gmt":"2025-12-08T12:41:23","slug":"marder-siar-om-bra-2026-tror-pa-fastighetsbolag","status":"publish","type":"post","link":"https:\/\/www.europesays.com\/se\/100163\/","title":{"rendered":"M\u00e5rder siar om bra 2026: Tror p\u00e5 fastighetsbolag"},"content":{"rendered":"<p>Sparprofilen och investeraren G\u00fcnther M\u00e5rder tror p\u00e5 ett bra 2026 f\u00f6r Stockholmsb\u00f6rsen med s\u00e4rskild draghj\u00e4lp fr\u00e5n fastighets- och konsumentbolag. Det s\u00e4ger han till DI. Bland bola\u2026<\/p>\n<p>Omni \u00e4r politiskt obundna och oberoende. Vi str\u00e4var efter att ge fler perspektiv p\u00e5 nyheterna. Har du fr\u00e5gor eller synpunkter kring v\u00e5r rapportering? <a href=\"https:\/\/omniekonomi.se\/marder-tror-pa-bra-ar-2026-tror-pa-fastighetsbolag\/a\/mailto:eko@omni.se\" class=\"ArticleActions_contactLink__W2F1M\" rel=\"nofollow noopener\" target=\"_blank\">Kontakta redaktionen<\/a><\/p>\n","protected":false},"excerpt":{"rendered":"Sparprofilen och investeraren G\u00fcnther M\u00e5rder tror p\u00e5 ett bra 2026 f\u00f6r Stockholmsb\u00f6rsen med s\u00e4rskild draghj\u00e4lp fr\u00e5n fastighets- och&hellip;\n","protected":false},"author":2,"featured_media":100164,"comment_status":"","ping_status":"","sticky":false,"template":"","format":"standard","meta":{"footnotes":""},"categories":[65],"tags":[11520,72,3011,11522,70,71,11523,34,467,11519,31,33,32,30,11521],"class_list":{"0":"post-100163","1":"post","2":"type-post","3":"status-publish","4":"format-standard","5":"has-post-thumbnail","7":"category-ekonomi","8":"tag-brinova","9":"tag-business","10":"tag-castellum","11":"tag-dios","12":"tag-economy","13":"tag-ekonomi","14":"tag-gunther-marder","15":"tag-se","16":"tag-stockholmsborsen","17":"tag-sveafastigheter","18":"tag-svenska","19":"tag-sverige","20":"tag-sweden","21":"tag-swedish","22":"tag-wallenstam"},"share_on_mastodon":{"url":"https:\/\/pubeurope.com\/@se\/115684002023195155","error":""},"_links":{"self":[{"href":"https:\/\/www.europesays.com\/se\/wp-json\/wp\/v2\/posts\/100163","targetHints":{"allow":["GET"]}}],"collection":[{"href":"https:\/\/www.europesays.com\/se\/wp-json\/wp\/v2\/posts"}],"about":[{"href":"https:\/\/www.europesays.com\/se\/wp-json\/wp\/v2\/types\/post"}],"author":[{"embeddable":true,"href":"https:\/\/www.europesays.com\/se\/wp-json\/wp\/v2\/users\/2"}],"replies":[{"embeddable":true,"href":"https:\/\/www.europesays.com\/se\/wp-json\/wp\/v2\/comments?post=100163"}],"version-history":[{"count":0,"href":"https:\/\/www.europesays.com\/se\/wp-json\/wp\/v2\/posts\/100163\/revisions"}],"wp:featuredmedia":[{"embeddable":true,"href":"https:\/\/www.europesays.com\/se\/wp-json\/wp\/v2\/media\/100164"}],"wp:attachment":[{"href":"https:\/\/www.europesays.com\/se\/wp-json\/wp\/v2\/media?parent=100163"}],"wp:term":[{"taxonomy":"category","embeddable":true,"href":"https:\/\/www.europesays.com\/se\/wp-json\/wp\/v2\/categories?post=100163"},{"taxonomy":"post_tag","embeddable":true,"href":"https:\/\/www.europesays.com\/se\/wp-json\/wp\/v2\/tags?post=100163"}],"curies":[{"name":"wp","href":"https:\/\/api.w.org\/{rel}","templated":true}]}}