{"id":100289,"date":"2025-12-08T15:02:11","date_gmt":"2025-12-08T15:02:11","guid":{"rendered":"https:\/\/www.europesays.com\/se\/100289\/"},"modified":"2025-12-08T15:02:11","modified_gmt":"2025-12-08T15:02:11","slug":"anette-norberg-slar-tillbaka-mot-filip-dikmen-ren-logn-sport","status":"publish","type":"post","link":"https:\/\/www.europesays.com\/se\/100289\/","title":{"rendered":"Anette Norberg sl\u00e5r tillbaka mot Filip Dikmen: \u201dRen l\u00f6gn\u201d | Sport"},"content":{"rendered":"<p>Publicerad 8 dec 2025 kl 15.30Uppdaterad kl 15.56<\/p>\n<p>Anette Norberg blir st\u00e4ndigt p\u00e5mind om OS-gulden.<\/p>\n<p>Men numera kan hon stoppas p\u00e5 stan av andra anledningar.<\/p>\n<p>\u2013 Helt pl\u00f6tsligt k\u00e4nner de yngre igen mig, s\u00e4ger den tidigare \u201dF\u00f6rr\u00e4darna\u201d-deltagaren.<\/p>\n<p><img   alt=\"\"\/><\/p>\n<p>Anette Norberg.<\/p>\n<p>Foto: JENS CHRISTIAN<\/p>\n<p>\u00d6ppna bild i helsk\u00e4rm<img loading=\"lazy\"   alt=\"\"\/><\/p>\n<p>Filip Dikmen.<\/p>\n<p>Foto: TV4 \/ TV4<\/p>\n<p>\u00d6ppna bild i helsk\u00e4rmArtiklen i korthet<\/p>\n<p> Anette Norberg \u00e4r k\u00e4nd f\u00f6r sina OS-guld \u2013 nu stoppas hon p\u00e5 stan f\u00f6r \u201dF\u00f6rr\u00e4darna\u201d.<\/p>\n<p> Hon skulle egentligen varit f\u00f6rr\u00e4dare i programmet.<\/p>\n<p> Norberg bem\u00f6ter Filip Dikmens kritik: \u201dRen l\u00f6gn\u201d om att hon gr\u00e4t och bad om urs\u00e4kt.<\/p>\n<p>Visa mer<\/p>\n<p><a href=\"https:\/\/www.expressen.se\/tagg\/person\/anette-norberg\/\" class=\"\" rel=\"nofollow noopener\" target=\"_blank\">Anette Norberg<\/a> har sedan ett par \u00e5r tillbaka inget vanligt jobb.<\/p>\n<p>I st\u00e4llet sitter hon i styrelser och \u00e4r sportchef f\u00f6r handbollsklubben H\u00e4rn\u00f6sand. Och nu ska hon kommentera OS-curlingen f\u00f6r TV4.\u00a0<\/p>\n<p>I samma kanal syntes 59-\u00e5ringen f\u00f6rra \u00e5ret. D\u00e5 i succ\u00e9programmet \u201dF\u00f6rr\u00e4darna\u201d.\u00a0<\/p>\n<p>Norberg tog sig hela v\u00e4gen till final som \u201dtrogen\u201d \u2013 men hon skulle egentligen ha varit en av de fem f\u00f6rr\u00e4darna.\u00a0<\/p>\n<p>\u2013 Jag \u00e4r fortfarande lite sur f\u00f6r att jag inte fick vara f\u00f6rr\u00e4dare. Tanken var det fr\u00e5n b\u00f6rjan men i sista sekund hade Dragomir (Mrsic, programledare) f\u00e5tt andra direktiv. De valde Marie Serneholt i st\u00e4llet.\u00a0<\/p>\n<p><strong>Hade du varit bra som f\u00f6rr\u00e4dare?\u00a0<\/strong><\/p>\n<p>\u2013 Jag tror det. Jag var ju k\u00e4nd i curlingen f\u00f6r att aldrig visa k\u00e4nslor och vara lite stone face och v\u00e4ldigt iskall. S\u00e5 jag t\u00e4nkte att jag kunde ha kopplat p\u00e5 den kompetensen. Sen vet man ju inte det, det \u00e4r ju n\u00e5gonting helt annat \u00e4n att vara trogen.\u00a0<\/p>\n<p>Blir stoppad p\u00e5 stan<\/p>\n<p>Norberg ber\u00e4ttar att deltagandet i programmet f\u00e5tt upp \u00f6gonen p\u00e5 den yngre generationen. Nu kan hon bli stoppad p\u00e5 stan av andra sk\u00e4l \u00e4n OS-gulden 2006 och 2010.\u00a0<\/p>\n<p>\u2013 Det \u00e4r en j\u00e4tte, j\u00e4ttestor skillnad. Det \u00e4r kul. Jag har aldrig haft n\u00e5gra problem med att folk kommer fram, det \u00e4r bara roligt. Jag tror inte att de yngre vet om att jag h\u00f6ll p\u00e5 med curling, s\u00e4ger Norberg med ett skratt.\u00a0<\/p>\n<p>En av de stora snackisarna fr\u00e5n f\u00f6rra \u00e5rets s\u00e4song \u00e4r Filip Dikmens kritik mot produktionen. Komikern och juristen menade att inspelningen pr\u00e4glades av psykisk misshandel och maktmissbruk.\u00a0<\/p>\n<p>\u201dDet var ju en ren l\u00f6gn\u201d\u00a0<\/p>\n<p>Anette Norberg har tidigare ber\u00e4ttat f\u00f6r Expressen att hon inte k\u00e4nde igen sig i kritiken. Nu st\u00e4ller hon sig ocks\u00e5 fr\u00e5gande till att Dikmen i ett Instagram-inl\u00e4gg p\u00e5stod att Norberg gr\u00e4t och bad om urs\u00e4kt f\u00f6r att hon inte f\u00f6rst\u00e5tt hur saker och ting g\u00e5tt till bakom kulisserna.<\/p>\n<p>\u2013 Han anklagade mig helt pl\u00f6tsligt. Det var ju rubriker om att jag hade gr\u00e5tit och varit uppr\u00f6rd. Det var ju en ren l\u00f6gn.\u00a0<\/p>\n<p><strong>Pratade du med Filip om detta?\u00a0<\/strong><\/p>\n<p>\u2013 Nej, det \u00e4r struntsamma. Det var min dotter som ringde upp och ber\u00e4ttade att det var rubriker. Hon var ocks\u00e5 f\u00f6rv\u00e5nad eftersom hon k\u00e4nner mig, hon tyckte det verkade m\u00e4rkligt att jag skulle gr\u00e5ta \u00f6ver en s\u00e5dan sak.\u00a0<\/p>\n<p><img alt=\"\"\/>Ljudklippet gick inte att spela upp<\/p>\n<p>F\u00f6rs\u00f6k igen senare<\/p>\n","protected":false},"excerpt":{"rendered":"Publicerad 8 dec 2025 kl 15.30Uppdaterad kl 15.56 Anette Norberg blir st\u00e4ndigt p\u00e5mind om OS-gulden. Men numera kan&hellip;\n","protected":false},"author":2,"featured_media":100290,"comment_status":"","ping_status":"","sticky":false,"template":"","format":"standard","meta":{"footnotes":""},"categories":[68],"tags":[11528,11529,34,111,110,31,33,32,30],"class_list":{"0":"post-100289","1":"post","2":"type-post","3":"status-publish","4":"format-standard","5":"has-post-thumbnail","7":"category-sport","8":"tag-person-anette-norberg","9":"tag-person-filip-dikmen","10":"tag-se","11":"tag-sport","12":"tag-sports","13":"tag-svenska","14":"tag-sverige","15":"tag-sweden","16":"tag-swedish"},"share_on_mastodon":{"url":"https:\/\/pubeurope.com\/@se\/115684556326383490","error":""},"_links":{"self":[{"href":"https:\/\/www.europesays.com\/se\/wp-json\/wp\/v2\/posts\/100289","targetHints":{"allow":["GET"]}}],"collection":[{"href":"https:\/\/www.europesays.com\/se\/wp-json\/wp\/v2\/posts"}],"about":[{"href":"https:\/\/www.europesays.com\/se\/wp-json\/wp\/v2\/types\/post"}],"author":[{"embeddable":true,"href":"https:\/\/www.europesays.com\/se\/wp-json\/wp\/v2\/users\/2"}],"replies":[{"embeddable":true,"href":"https:\/\/www.europesays.com\/se\/wp-json\/wp\/v2\/comments?post=100289"}],"version-history":[{"count":0,"href":"https:\/\/www.europesays.com\/se\/wp-json\/wp\/v2\/posts\/100289\/revisions"}],"wp:featuredmedia":[{"embeddable":true,"href":"https:\/\/www.europesays.com\/se\/wp-json\/wp\/v2\/media\/100290"}],"wp:attachment":[{"href":"https:\/\/www.europesays.com\/se\/wp-json\/wp\/v2\/media?parent=100289"}],"wp:term":[{"taxonomy":"category","embeddable":true,"href":"https:\/\/www.europesays.com\/se\/wp-json\/wp\/v2\/categories?post=100289"},{"taxonomy":"post_tag","embeddable":true,"href":"https:\/\/www.europesays.com\/se\/wp-json\/wp\/v2\/tags?post=100289"}],"curies":[{"name":"wp","href":"https:\/\/api.w.org\/{rel}","templated":true}]}}