{"id":100391,"date":"2025-12-08T16:44:15","date_gmt":"2025-12-08T16:44:15","guid":{"rendered":"https:\/\/www.europesays.com\/se\/100391\/"},"modified":"2025-12-08T16:44:15","modified_gmt":"2025-12-08T16:44:15","slug":"hela-sverige-har-slagit-rekord-746-miljoner-till-musikhjalpen-2025","status":"publish","type":"post","link":"https:\/\/www.europesays.com\/se\/100391\/","title":{"rendered":"Hela Sverige har slagit rekord \u2013 74,6 miljoner till Musikhj\u00e4lpen 2025"},"content":{"rendered":"<p>&#13;<br \/>\n                        &#13;<br \/>\n&#13;<br \/>\n&#13;<\/p>\n<p><strong>I kv\u00e4ll avslutades Musikhj\u00e4lpen p\u00e5 Stora torget i Karlstad efter 144 timmars direkts\u00e4ndning i P3 och SVT Play. Tillsammans skapade publiken 1 229 949<\/strong> <strong>engagemang, vilket gav 74 601 867 kr till insamlingen med temat\u00a0\u201dAlla barn har r\u00e4tt att g\u00e5 i skolan\u201d. Det \u00e4r den h\u00f6gsta summan i Musikhj\u00e4lpens historia.<\/strong><\/p>\n<p>&#13;<\/p>\n<p style=\"margin-top:12px;\"><img loading=\"lazy\" decoding=\"async\" alt=\"\" height=\"267\" src=\"https:\/\/www.europesays.com\/se\/wp-content\/uploads\/2025\/12\/8e653ee0407d5707_800x800ar.jpg\" width=\"400\"\/><\/p>\n<p>Klockan 20.50 p\u00e5 s\u00f6ndagskv\u00e4llen sl\u00e4pptes programledarna Linnea Wikblad, Assia Dahir och Hampus Hedstr\u00f6m ut ur Musikhj\u00e4lpen-buren \u2013 efter en vecka d\u00e4r de tillsammans med publiken l\u00e4rt sig mer om \u00e5rets tema och tr\u00e4ffat engagerade, roliga och underh\u00e5llande g\u00e4ster. Veckan har inneh\u00e5llit magiska livespelningar och hela landet har sjudit av aktiviteter och engagemang.<\/p>\n<p>\u2013 Vilken underbar och \u00f6sig vecka! Karlstad, V\u00e4rmland och Sverige har visat sig fr\u00e5n sin allra b\u00e4sta sida. Jag \u00e4r helt uppfylld av v\u00e4rmen fr\u00e5n alla m\u00e4nniskor som har engagerat sig f\u00f6r alla barns r\u00e4tt att g\u00e5 i skolan. Det finns en otrolig styrka i att g\u00e5 samman och enas i m\u00e4nskliga r\u00e4ttigheter, musik och fest. Jag tror att m\u00e5nga kommer b\u00e4ra med sig den k\u00e4nslan ett bra tag fram\u00f6ver, det kommer jag g\u00f6ra. Tack Sverige! s\u00e4ger <strong>Simon Rosenqvist, <\/strong>projektledare p\u00e5 Sveriges Radio.<\/p>\n<p>\u2013 Karlstad och hela V\u00e4rmland har ju bokstavligt talat flyttat ut p\u00e5 K\u00e4rlekens torg under veckan och vi har tillsammans f\u00e5tt uppleva allt fr\u00e5n mysig julmarknad till landets fetaste dansgolv mitt i stan. All k\u00e4rlek och allt engagemang jag upplevt h\u00e4r i Karlstad den senaste veckan g\u00f6r mig varm \u00e4nda in i sj\u00e4len, s\u00e4ger SVT:s projektledare\u00a0<strong>Karl-Johan Paulsson<\/strong>.<\/p>\n<p>Radiohj\u00e4lpen kommer nu s\u00e4kerst\u00e4lla att de insamlade pengarna* f\u00f6rdelas dit d\u00e4r de beh\u00f6vs som mest.<\/p>\n<p>\u2013 \u00c5rets starka insamling \u00e4r ett bevis p\u00e5 hur viktigt det \u00e4r med barns r\u00e4tt att g\u00e5 i skolan. Jag vill rikta ett stort tack till dig som har bidragit, s\u00e4ger Radiohj\u00e4lpens generalsekreterare <strong>Kristina Henschen<\/strong>.\u00a0<\/p>\n<p>F\u00f6r den som vill veta vilken skillnad pengarna g\u00f6r eller bidra ytterligare till Musikhj\u00e4lpen, g\u00e5 till: <a href=\"https:\/\/insamling.radiohjalpen.se\/\" target=\"_blank\" rel=\"nofollow noopener\">https:\/\/insamling.radiohjalpen.se\/<\/a><\/p>\n<p><strong>Publikens engagemang\u00a0<\/strong><\/p>\n<p>I \u00e5r har ett rekordstort antal digitala b\u00f6ssor startats: 9107 (siffra g\u00e4ller 20:00 7\/12). Totalt\u00a0har\u00a0Musikhj\u00e4lpen r\u00e4knat till\u00a01 229 949 engagemang fr\u00e5n privatpersoner, organisationer, f\u00f6retag, artister och k\u00e4nda personer.<\/p>\n<p>N\u00e5gra exempel p\u00e5 t\u00e4vlingar, auktioner och b\u00f6ssor (resultat 7\/12 kl. 20.00 \u2013 obs att vissa inte \u00e4r avslutade \u00e4n):<\/p>\n<p><a href=\"https:\/\/bossan.musikhjalpen.se\/radiosporten-goer-en-saendning-fran-ert-ungdomslag-i-sportextra\" target=\"_blank\" rel=\"nofollow noopener\">Radiosporten g\u00f6r en s\u00e4ndning fr\u00e5n ert ungdomslag<\/a> i Sportextra, 65\u00a0687 kr \u00a0(T\u00c4VLING)<\/p>\n<p><a href=\"https:\/\/bossan.musikhjalpen.se\/francis-paerlar\" target=\"_blank\" rel=\"nofollow noopener\">Francis p\u00e4rlar<\/a>, 3 197 683 kr (B\u00d6SSA)<\/p>\n<p><a href=\"https:\/\/www.tradera.com\/item\/100401\/704107653\/buda-hem-bast-i-test-husvagnen-\" target=\"_blank\" rel=\"nofollow noopener\">Buda hem b\u00e4st i test-husvagnen<\/a> \u2013 34\u00a0000 kr (AUKTION)<\/p>\n<p><a href=\"https:\/\/bossan.musikhjalpen.se\/se-benjamin-ingrossos-nya-arenaturne-och-fa-en-personlig-backstagetour-med\" target=\"_blank\" rel=\"nofollow noopener\">Se Benjamin Ingrossos arenaturn\u00e9 och f\u00e5 en personlig backstagetour<\/a>, 246 492 kr (T\u00c4VLING)<\/p>\n<p><a href=\"https:\/\/bossan.musikhjalpen.se\/morgonpassets-miljonboessa\" target=\"_blank\" rel=\"nofollow noopener\">Morgonpassets miljonb\u00f6ssa<\/a>, 2 688 357 kr (B\u00d6SSA) \u00a0\u00a0<\/p>\n<p>Under veckan har SHL-klubbarna t\u00e4vlat mot varandra och d\u00e4r vann \u201dhemmalaget\u201d F\u00e4rjestad men totalt samlade klubbarnas b\u00f6ssor in cirka 1,2 miljoner kronor.<\/p>\n<p>P\u00e5\u00a0<a href=\"http:\/\/musikhj\u00e4lpen.se\" target=\"_blank\" rel=\"nofollow noopener\">http:\/\/musikhj\u00e4lpen.se<\/a>\u00a0kan man s\u00f6ka bland alla insamlingar till exempel med ortnamn f\u00f6r att se engagemang i respektive omr\u00e5de.<\/p>\n<p><strong>Musiken i Musikhj\u00e4lpen<\/strong><br \/>Under veckan\u00a0har\u00a0det kommit in \u00f6ver 70 000 l\u00e5t\u00f6nskningar. Listor \u00f6ver <a href=\"https:\/\/www.sverigesradio.se\/artikel\/musikhjalpen-2025-sven-ingvars-musik-mest-onskad\" target=\"_self\" rel=\"nofollow noopener\">de mest \u00f6nskade l\u00e5tarna och mest \u00f6nskade artisterna under Musikhj\u00e4lpen-veckan finns h\u00e4r<\/a>.<\/p>\n<p>* Den slutgiltiga siffran kommer att justeras, eftersom \u00f6ronm\u00e4rkta pengar brukar forts\u00e4tta att komma in \u00e4ven efter veckan.<\/p>\n<p>Pressbilder fr\u00e5n\u00a0hela\u00a0Musikhj\u00e4lpen-veckan:<br \/><a href=\"https:\/\/portal.bildbank.se\/p\/sverigesradio-musikhjalpen\ufffc\" target=\"_blank\" rel=\"nofollow noopener\">https:\/\/portal.bildbank.se\/p\/sverigesradio-musikhjalpen<\/a><\/p>\n<p><a href=\"https:\/\/sverigesradio.se\/images\/2938\/5471735f-23a6-47b5-9922-3066e87443c4.jpg\" target=\"_self\" rel=\"nofollow noopener\">Bild programledarna vid utsl\u00e4ppet<\/a>. (Foto: Mattias Ahlm\/Sveriges Radio)<\/p>\n<p><strong>F\u00f6r mer information, v\u00e4nligen kontakta:<\/strong><\/p>\n<p>Karl-Johan Paulsson, projektledare SVT\u00a0<br \/><a href=\"https:\/\/news.cision.com\/se\/musikhjalpen-2025\/r\/mailto:karl.johan.paulsson@svt.se\" target=\"_blank\" rel=\"nofollow noopener\">karl.johan.paulsson@svt.se<\/a><br \/>0737-27 02 82\u00a0<\/p>\n<p>Simon Rosenqvist, projektledare\u00a0Sveriges Radio<br \/><a href=\"https:\/\/news.cision.com\/se\/musikhjalpen-2025\/r\/mailto:Radio\ufffcsimon.rosenqvist@sverigesradio.se\" target=\"_blank\" rel=\"nofollow noopener\">simon.rosenqvist@sverigesradio.se<\/a><br \/>0738-09 24 18<\/p>\n<p>Kristina Henschen, generalsekreterare Radiohj\u00e4lpen<br \/><a href=\"https:\/\/news.cision.com\/se\/musikhjalpen-2025\/r\/mailto:Radiohj\u00e4lpen\ufffckristina.henschen@svt.se\" target=\"_blank\" rel=\"nofollow noopener\">kristina.henschen@svt.se<\/a><br \/>08-784 36 20<\/p>\n<p>Eva Sahlin, pressansvarig<br \/><a href=\"https:\/\/news.cision.com\/se\/musikhjalpen-2025\/r\/mailto:pressansvarig\ufffceva.sahlin@sverigesradio.se\" target=\"_blank\" rel=\"nofollow noopener\">eva.sahlin@sverigesradio.se<\/a><br \/>070-684 18 52<\/p>\n<p>&#13;<br \/>\n&#13;<br \/>\n&#13;<br \/>\n&#13;<\/p>\n<p><strong>Taggar:<\/strong><\/p>\n<p>&#13;<br \/>\n&#13;<br \/>\n&#13;<\/p>\n","protected":false},"excerpt":{"rendered":"&#13; &#13; &#13; &#13; I kv\u00e4ll avslutades Musikhj\u00e4lpen p\u00e5 Stora torget i Karlstad efter 144 timmars direkts\u00e4ndning i&hellip;\n","protected":false},"author":2,"featured_media":100392,"comment_status":"","ping_status":"","sticky":false,"template":"","format":"standard","meta":{"footnotes":""},"categories":[67],"tags":[11541,104,11540,11539,11542,11543,6549,794,6548,34,31,33,785,11538,586,32,30,105],"class_list":{"0":"post-100391","1":"post","2":"type-post","3":"status-publish","4":"format-standard","5":"has-post-thumbnail","7":"category-underhallning","8":"tag-assia-dahir","9":"tag-entertainment","10":"tag-hampus-hedstrm","11":"tag-linnea-wikblad","12":"tag-mh25","13":"tag-musikhjlpen2025","14":"tag-musikhjlpen","15":"tag-p3","16":"tag-radiohjlpen","17":"tag-se","18":"tag-svenska","19":"tag-sverige","20":"tag-sveriges-radio","21":"tag-sveriges-radio-p3","22":"tag-svt","23":"tag-sweden","24":"tag-swedish","25":"tag-underhallning"},"share_on_mastodon":{"url":"https:\/\/pubeurope.com\/@se\/115684957722906575","error":""},"_links":{"self":[{"href":"https:\/\/www.europesays.com\/se\/wp-json\/wp\/v2\/posts\/100391","targetHints":{"allow":["GET"]}}],"collection":[{"href":"https:\/\/www.europesays.com\/se\/wp-json\/wp\/v2\/posts"}],"about":[{"href":"https:\/\/www.europesays.com\/se\/wp-json\/wp\/v2\/types\/post"}],"author":[{"embeddable":true,"href":"https:\/\/www.europesays.com\/se\/wp-json\/wp\/v2\/users\/2"}],"replies":[{"embeddable":true,"href":"https:\/\/www.europesays.com\/se\/wp-json\/wp\/v2\/comments?post=100391"}],"version-history":[{"count":0,"href":"https:\/\/www.europesays.com\/se\/wp-json\/wp\/v2\/posts\/100391\/revisions"}],"wp:featuredmedia":[{"embeddable":true,"href":"https:\/\/www.europesays.com\/se\/wp-json\/wp\/v2\/media\/100392"}],"wp:attachment":[{"href":"https:\/\/www.europesays.com\/se\/wp-json\/wp\/v2\/media?parent=100391"}],"wp:term":[{"taxonomy":"category","embeddable":true,"href":"https:\/\/www.europesays.com\/se\/wp-json\/wp\/v2\/categories?post=100391"},{"taxonomy":"post_tag","embeddable":true,"href":"https:\/\/www.europesays.com\/se\/wp-json\/wp\/v2\/tags?post=100391"}],"curies":[{"name":"wp","href":"https:\/\/api.w.org\/{rel}","templated":true}]}}