{"id":100432,"date":"2025-12-08T17:18:08","date_gmt":"2025-12-08T17:18:08","guid":{"rendered":"https:\/\/www.europesays.com\/se\/100432\/"},"modified":"2025-12-08T17:18:08","modified_gmt":"2025-12-08T17:18:08","slug":"samsung-belyser-de-har-nya-funktionerna-i-one-ui-8-5","status":"publish","type":"post","link":"https:\/\/www.europesays.com\/se\/100432\/","title":{"rendered":"Samsung belyser de h\u00e4r nya funktionerna i One UI 8.5"},"content":{"rendered":"<p>Som tidigare rapporterats har Samsung idag sl\u00e4ppt f\u00f6rsta betaversionen av One UI 8.5. Den sydkoreanska j\u00e4tten har valt att belysa nyheterna i ett inl\u00e4gg p\u00e5 produktbloggen, \u00e4ven om det \u00e4r l\u00e5ngt ifr\u00e5n en komplett lista.<\/p>\n<p>Galleri-appen l\u00e5ter anv\u00e4ndare redigera bilder kontinuerligt utan att beh\u00f6va spara varje ny version f\u00f6rst. I slutet g\u00e5r det att granska alla olika versionerna och v\u00e4lja vilka som ska sparas. Quick Share har f\u00e5tt en f\u00f6rutseende finess n\u00e4r bilder delas. Systemet kan k\u00e4nna igen personer i bilder och f\u00f6resl\u00e5 att delningen ska ske till just de kontakterna.<\/p>\n<p>Storage Share brings even more fluidity to the Galaxy ecosystem by showing files from other Galaxy devices \u2014 including tablets and PCs \u2014 directly in the My Files app. It also allows users to access their phone\u2019s files from other Samsung devices, including their TV.<\/p>\n<p>Anv\u00e4ndare f\u00e5r tillg\u00e5ng till alla filer de har lagrat p\u00e5 enheter i Samsungs ekosystem. Du kan exempelvis f\u00e5 fram filerna som ligger p\u00e5 surfplattan och i din Galaxy-laptop p\u00e5 mobilen. Filerna p\u00e5 telefonen ska dessutom g\u00e5 att n\u00e5 fr\u00e5n Samsungs tv-apparater.<\/p>\n<p>Audio Broadcast ska m\u00f6jligg\u00f6ra friktionsfri kommunikation med andra enheter som st\u00f6djer LE Audio tack vare Auracast. Det g\u00e5r rentav att s\u00e4nda sin egen r\u00f6st genom telefonens mikrofon till andra Bluetooth-enheter.<\/p>\n<p>Identitetskontrollen s\u00e4krar fler inst\u00e4llningar \u00e4n tidigare. Om felaktig PIN, l\u00f6senord eller biometri anges f\u00f6r m\u00e5nga g\u00e5nger kommer systemet l\u00e5sas. Samsung ber\u00e4ttar inte n\u00e4r skarpa versionen kan t\u00e4nkas landa.<\/p>\n<p><a href=\"https:\/\/www.europesays.com\/se\/wp-content\/uploads\/2025\/12\/samsung-one-ui-8.5-1.gif\" rel=\"lightbox[251356]\"><img fetchpriority=\"high\" decoding=\"async\" src=\"https:\/\/www.europesays.com\/se\/wp-content\/uploads\/2025\/12\/samsung-one-ui-8.5-1.gif\" alt=\"\" width=\"1000\" height=\"563\" class=\"alignnone size-full wp-image-251354\"\/><\/a><a href=\"https:\/\/www.europesays.com\/se\/wp-content\/uploads\/2025\/12\/samsung-one-ui-8.5-2.gif\" rel=\"lightbox[251356]\"><img loading=\"lazy\" decoding=\"async\" src=\"https:\/\/www.europesays.com\/se\/wp-content\/uploads\/2025\/12\/samsung-one-ui-8.5-2.gif\" alt=\"\" width=\"1000\" height=\"563\" class=\"alignnone size-full wp-image-251353\"\/><\/a><br \/><a href=\"https:\/\/www.europesays.com\/se\/wp-content\/uploads\/2025\/12\/samsung-one-ui-8.5-3.gif\" rel=\"lightbox[251356]\"><img loading=\"lazy\" decoding=\"async\" src=\"https:\/\/www.europesays.com\/se\/wp-content\/uploads\/2025\/12\/samsung-one-ui-8.5-3.gif\" alt=\"\" width=\"1000\" height=\"563\" class=\"alignnone size-full wp-image-251352\"\/><\/a><br \/><a href=\"https:\/\/www.europesays.com\/se\/wp-content\/uploads\/2025\/12\/samsung-one-ui-8.5-4.gif\" rel=\"lightbox[251356]\"><img loading=\"lazy\" decoding=\"async\" src=\"https:\/\/www.europesays.com\/se\/wp-content\/uploads\/2025\/12\/samsung-one-ui-8.5-4.gif\" alt=\"\" width=\"1000\" height=\"563\" class=\"alignnone size-full wp-image-251351\"\/><\/a><\/p>\n","protected":false},"excerpt":{"rendered":"Som tidigare rapporterats har Samsung idag sl\u00e4ppt f\u00f6rsta betaversionen av One UI 8.5. Den sydkoreanska j\u00e4tten har valt&hellip;\n","protected":false},"author":2,"featured_media":100433,"comment_status":"","ping_status":"","sticky":false,"template":"","format":"standard","meta":{"footnotes":""},"categories":[66],"tags":[80,78,79,34,31,33,32,30,81,84,83,82],"class_list":{"0":"post-100432","1":"post","2":"type-post","3":"status-publish","4":"format-standard","5":"has-post-thumbnail","7":"category-vetenskap-och-teknik","8":"tag-science","9":"tag-science-and-technology","10":"tag-scienceandtechnology","11":"tag-se","12":"tag-svenska","13":"tag-sverige","14":"tag-sweden","15":"tag-swedish","16":"tag-technology","17":"tag-teknik","18":"tag-vetenskap","19":"tag-vetenskapteknik"},"share_on_mastodon":{"url":"https:\/\/pubeurope.com\/@se\/115685091394702856","error":""},"_links":{"self":[{"href":"https:\/\/www.europesays.com\/se\/wp-json\/wp\/v2\/posts\/100432","targetHints":{"allow":["GET"]}}],"collection":[{"href":"https:\/\/www.europesays.com\/se\/wp-json\/wp\/v2\/posts"}],"about":[{"href":"https:\/\/www.europesays.com\/se\/wp-json\/wp\/v2\/types\/post"}],"author":[{"embeddable":true,"href":"https:\/\/www.europesays.com\/se\/wp-json\/wp\/v2\/users\/2"}],"replies":[{"embeddable":true,"href":"https:\/\/www.europesays.com\/se\/wp-json\/wp\/v2\/comments?post=100432"}],"version-history":[{"count":0,"href":"https:\/\/www.europesays.com\/se\/wp-json\/wp\/v2\/posts\/100432\/revisions"}],"wp:featuredmedia":[{"embeddable":true,"href":"https:\/\/www.europesays.com\/se\/wp-json\/wp\/v2\/media\/100433"}],"wp:attachment":[{"href":"https:\/\/www.europesays.com\/se\/wp-json\/wp\/v2\/media?parent=100432"}],"wp:term":[{"taxonomy":"category","embeddable":true,"href":"https:\/\/www.europesays.com\/se\/wp-json\/wp\/v2\/categories?post=100432"},{"taxonomy":"post_tag","embeddable":true,"href":"https:\/\/www.europesays.com\/se\/wp-json\/wp\/v2\/tags?post=100432"}],"curies":[{"name":"wp","href":"https:\/\/api.w.org\/{rel}","templated":true}]}}