{"id":100479,"date":"2025-12-08T18:21:20","date_gmt":"2025-12-08T18:21:20","guid":{"rendered":"https:\/\/www.europesays.com\/se\/100479\/"},"modified":"2025-12-08T18:21:20","modified_gmt":"2025-12-08T18:21:20","slug":"studie-finner-inget-samband-mellan-ledrorlighet-smarta-och-neuropsykiatriska-funktionsnedsattningar-hos-barn","status":"publish","type":"post","link":"https:\/\/www.europesays.com\/se\/100479\/","title":{"rendered":"Studie finner inget samband mellan ledr\u00f6rlighet, sm\u00e4rta och neuropsykiatriska funktionsneds\u00e4ttningar hos barn"},"content":{"rendered":"<p>Studien, publicerad i\u00a0BJPsych Open, unders\u00f6kte 223 elva\u00e5riga barn fr\u00e5n \u00e5tta skolor i V\u00e4stsverige. Den genomf\u00f6rdes av forskare vid Gillbergcentrum, G\u00f6teborgs universitet, och Skaraborgs sjukhus och \u00e4r den f\u00f6rsta populationsbaserade studien som samtidigt unders\u00f6ker ledr\u00f6rlighet, muskuloskeletal sm\u00e4rta och neuropsykiatriska drag hos barn.<\/p>\n<p>Vuxna visar ett samband \u2014 men g\u00e4ller det \u00e4ven barn?<\/p>\n<p>Bild<\/p>\n<p>                  <img fetchpriority=\"high\" decoding=\"async\" loading=\"eager\" width=\"512\" height=\"341\" src=\"https:\/\/www.europesays.com\/se\/wp-content\/uploads\/2025\/12\/knee-pain-adult.jpg\" alt=\"Adult with knee pain\"\/><\/p>\n<p>Vuxna med generaliserad ledhypermobilitet (GJH)\u2014ett ovanligt stort r\u00f6relseomf\u00e5ng i flera leder\u2014har oftare \u00e5ngest, ADHD och autistiska drag. Vissa forskare menar att detta kan bero p\u00e5 gemensamma genetiska eller utvecklingsm\u00e4ssiga mekanismer som p\u00e5verkar b\u00e5de kroppens kollagenstruktur och hj\u00e4rnans utveckling. Men om dessa m\u00f6nster b\u00f6rjar redan i barndomen var tidigare ok\u00e4nt.<\/p>\n<p>Bild<\/p>\n<p>                  <img decoding=\"async\" loading=\"eager\" width=\"168\" height=\"218\" src=\"https:\/\/www.europesays.com\/se\/wp-content\/uploads\/2025\/12\/valdemar-landgren.jpg\" alt=\"Valdemar Landgren\"\/><\/p>\n<p>Valdemar Landgren<\/p>\n<p>\u201dM\u00e5nga vuxna med \u00f6verr\u00f6rlighet upplever kronisk sm\u00e4rta och neuropsykiatriska tillst\u00e5nd\u201d, s\u00e4ger en av huvudf\u00f6rfattarna, Dr. Valdemar Landgren, forskare vid Gillbergcentrum och l\u00e4kare vid Skaraborgs sjukhus. \u201dVi ville se om dessa samband redan finns hos barn i skol\u00e5ldern.\u201d<\/p>\n<p>Studien<\/p>\n<p>Barnen, alla i \u00e5rskurs fyra, genomgick fysiska unders\u00f6kningar och psykologiska bed\u00f6mningar som en del av sina rutinm\u00e4ssiga skolh\u00e4lsokontroller mellan 2018 och 2020. Forskarna m\u00e4tte ledr\u00f6rlighet med Beighton-skalan, en niogradig skala f\u00f6r ledmobilitet. En po\u00e4ng p\u00e5 sex eller h\u00f6gre betraktas vanligtvis som tecken p\u00e5 generaliserad ledhypermobilitet.<\/p>\n<p>De utv\u00e4rderade ocks\u00e5 neuropsykiatriska profiler genom:<\/p>\n<ul>\n<li>Kliniska intervjuer och medicinska journaler<\/li>\n<li>F\u00f6r\u00e4ldra- och l\u00e4rarenk\u00e4ter (Strengths and Difficulties Questionnaire)<\/li>\n<li>En omfattande gemensam expertgranskning av varje fall, med\u00a0psykiatriker, neuropsykolog\u00a0och barnneurolog<\/li>\n<\/ul>\n<p>Muskuloskeletal sm\u00e4rta bed\u00f6mdes genom strukturerade intervjuer d\u00e4r barnen fick ber\u00e4tta om v\u00e4rk i armar, ben och leder.<\/p>\n<p>Vad de fann<\/p>\n<p>                  <img decoding=\"async\" loading=\"eager\" width=\"590\" height=\"333\" src=\"https:\/\/www.europesays.com\/se\/wp-content\/uploads\/2025\/12\/boy-digging-hole-sand.jpg\" alt=\"Young boy digging hole in the sand with hands\"\/><\/p>\n<p>Av de 207 barn som bed\u00f6mdes var medianv\u00e4rdet p\u00e5 Beighton-skalan 1, och mycket f\u00e5 hade \u00f6ver sex po\u00e4ng.<\/p>\n<p>Med den standardiserade gr\u00e4nsen kvalificerade sig endast 6,3 % av barnen\u2014ungef\u00e4r lika m\u00e5nga pojkar som flickor\u2014som \u00f6verr\u00f6rliga. \u00c4nnu f\u00e4rre (cirka 0,5 %) uppfyllde kriterierna f\u00f6r hypermobilitetsspektrumst\u00f6rning (GJH i kombination med veckovis muskuloskeletal sm\u00e4rta).<\/p>\n<p>Viktigt \u00e4r att inget signifikant samband hittades mellan h\u00f6ga Beighton-po\u00e4ng och:<\/p>\n<ul>\n<li>Neuropsykiatriska symtom (inklusive ADHD, autism eller koordinationssv\u00e5righeter)<\/li>\n<li>Allm\u00e4n psykisk oh\u00e4lsa<\/li>\n<li>Muskuloskeletal sm\u00e4rta<\/li>\n<\/ul>\n<p>\u201dBarn med ledhypermobilitet uppvisade typiska utvecklingsm\u00f6nster\u201d, skrev f\u00f6rfattarna. \u201dV\u00e5ra resultat tyder p\u00e5 att GJH inte b\u00f6r ses som en riskfaktor f\u00f6r neuropsykiatriska problem i den h\u00e4r \u00e5ldern.\u201d<\/p>\n<p>Ov\u00e4ntat fynd: sm\u00e4rta \u00e4r vanligt<\/p>\n<p>\u00c4ven om \u00f6verr\u00f6rlighet inte var kopplad till sm\u00e4rta blev forskarna \u00f6verraskade av hur m\u00e5nga barn\u201442 % totalt\u2014som rapporterade n\u00e5gon form av veckovis muskuloskeletal sm\u00e4rta, betydligt h\u00f6gre \u00e4n i tidigare nationella unders\u00f6kningar.<\/p>\n<p>\u201dDen h\u00e4r h\u00f6ga frekvensen av sm\u00e4rta f\u00f6rtj\u00e4nar vidare unders\u00f6kning\u201d, sade medf\u00f6rfattaren Dr. Valdemar Landgren. \u201dDet kanske inte \u00e4r kopplat till ledr\u00f6rlighet, men det p\u00e5verkar utan tvekan m\u00e5nga barns livskvalitet.\u201d<\/p>\n<p>Varf\u00f6r \u00e5lder spelar roll<\/p>\n<p>Resultaten st\u00e5r i skarp kontrast till studier p\u00e5 vuxna d\u00e4r \u00f6verr\u00f6rlighet ofta \u00e4r kopplad till \u00e5ngest och uppm\u00e4rksamhetsst\u00f6rningar. Forskarna tror att puberteten kan spela en roll, eftersom ledlaxitet tenderar att \u00f6ka hos flickor och minska hos pojkar under ton\u00e5ren, samtidigt som hormonella f\u00f6r\u00e4ndringar kan p\u00e5verka b\u00e5de fysisk och neurologisk utveckling.<\/p>\n<p>\u201dDet \u00e4r m\u00f6jligt att sambandet mellan hypermobilitet och neuropsykiatriska tillst\u00e5nd uppst\u00e5r f\u00f6rst senare i livet\u201d, sade Landgren. \u201dV\u00e5ra resultat tyder p\u00e5 att dessa faktorer fortfarande \u00e4r separata hos prepubertala barn.\u201d<\/p>\n<p>Slutsatser och n\u00e4sta steg<\/p>\n<p>                  <img decoding=\"async\" loading=\"eager\" width=\"590\" height=\"333\" src=\"https:\/\/www.europesays.com\/se\/wp-content\/uploads\/2025\/12\/boy-crying-pain.jpg\" alt=\"Child in pain on the floor\"\/><\/p>\n<p>Fynden st\u00f6djer den nuvarande \u00e5ldersjusterade Beighton-gr\u00e4nsen p\u00e5 sex po\u00e4ng f\u00f6r att diagnostisera ledhypermobilitet hos barn och avr\u00e5der fr\u00e5n att anv\u00e4nda ledr\u00f6rlighet som en tidig biomark\u00f6r f\u00f6r ADHD, autism eller andra utvecklingsrelaterade tillst\u00e5nd.<\/p>\n<p>Forskarna betonar dock behovet av l\u00e5ngtidsstudier som f\u00f6ljer barn genom puberteten f\u00f6r att se om m\u00f6nstren f\u00f6r\u00e4ndras.<\/p>\n<p>\u201dDet h\u00e4r \u00e4r en viktig p\u00e5minnelse,\u201d s\u00e4ger Landgren. \u201dR\u00f6rlighet i sig inneb\u00e4r ingen risk\u2014men sm\u00e4rta hos barn, oavsett orsak, ska aldrig ignoreras.\u201d<\/p>\n<p>Text av Anna Spyrou, Kommunikat\u00f6r<\/p>\n<p><strong>Referens<\/strong><\/p>\n<p>Glans, M. R., Aziz, A., Kindgren, E., Knez, R., Landgren, M., &amp; Landgren, V. (2025). No association between joint hypermobility, musculoskeletal pain and neurodevelopmental problems in a school-based sample of 11-year-old children. BJPsych Open, 11, e262. DOI: <a href=\"https:\/\/doi.org\/10.1192\/bjo.2025.10881\" title=\"https:\/\/doi.org\/10.1192\/bjo.2025.10881\" rel=\"nofollow noopener\" target=\"_blank\">10.1192\/bjo.2025.10881<\/a><\/p>\n","protected":false},"excerpt":{"rendered":"Studien, publicerad i\u00a0BJPsych Open, unders\u00f6kte 223 elva\u00e5riga barn fr\u00e5n \u00e5tta skolor i V\u00e4stsverige. Den genomf\u00f6rdes av forskare vid&hellip;\n","protected":false},"author":2,"featured_media":100480,"comment_status":"","ping_status":"","sticky":false,"template":"","format":"standard","meta":{"footnotes":""},"categories":[69],"tags":[113,112,34,31,33,32,30],"class_list":{"0":"post-100479","1":"post","2":"type-post","3":"status-publish","4":"format-standard","5":"has-post-thumbnail","7":"category-halsa","8":"tag-halsa","9":"tag-health","10":"tag-se","11":"tag-svenska","12":"tag-sverige","13":"tag-sweden","14":"tag-swedish"},"share_on_mastodon":{"url":"https:\/\/pubeurope.com\/@se\/115685339087355091","error":""},"_links":{"self":[{"href":"https:\/\/www.europesays.com\/se\/wp-json\/wp\/v2\/posts\/100479","targetHints":{"allow":["GET"]}}],"collection":[{"href":"https:\/\/www.europesays.com\/se\/wp-json\/wp\/v2\/posts"}],"about":[{"href":"https:\/\/www.europesays.com\/se\/wp-json\/wp\/v2\/types\/post"}],"author":[{"embeddable":true,"href":"https:\/\/www.europesays.com\/se\/wp-json\/wp\/v2\/users\/2"}],"replies":[{"embeddable":true,"href":"https:\/\/www.europesays.com\/se\/wp-json\/wp\/v2\/comments?post=100479"}],"version-history":[{"count":0,"href":"https:\/\/www.europesays.com\/se\/wp-json\/wp\/v2\/posts\/100479\/revisions"}],"wp:featuredmedia":[{"embeddable":true,"href":"https:\/\/www.europesays.com\/se\/wp-json\/wp\/v2\/media\/100480"}],"wp:attachment":[{"href":"https:\/\/www.europesays.com\/se\/wp-json\/wp\/v2\/media?parent=100479"}],"wp:term":[{"taxonomy":"category","embeddable":true,"href":"https:\/\/www.europesays.com\/se\/wp-json\/wp\/v2\/categories?post=100479"},{"taxonomy":"post_tag","embeddable":true,"href":"https:\/\/www.europesays.com\/se\/wp-json\/wp\/v2\/tags?post=100479"}],"curies":[{"name":"wp","href":"https:\/\/api.w.org\/{rel}","templated":true}]}}