{"id":100483,"date":"2025-12-08T18:30:10","date_gmt":"2025-12-08T18:30:10","guid":{"rendered":"https:\/\/www.europesays.com\/se\/100483\/"},"modified":"2025-12-08T18:30:10","modified_gmt":"2025-12-08T18:30:10","slug":"os-krock-undviks-the-open-flyttas","status":"publish","type":"post","link":"https:\/\/www.europesays.com\/se\/100483\/","title":{"rendered":"OS-krock undviks \u2013 The Open flyttas"},"content":{"rendered":"<p>The R&amp;A bekr\u00e4ftar att The Open Championship 2028 flyttas fram tv\u00e5 veckor och nu spelas 3\u20136 augusti. Anledningen \u00e4r att undvika kollision med de olympiska golft\u00e4vlingarna i Los Angeles, som avg\u00f6rs 19\u201329 juli. The Open brukar normalt spelas i mitten av juli, men g\u00f6r allts\u00e5 ett undantag detta \u00e5r. Spelplatsen f\u00f6r m\u00e4sterskapet \u00e4r \u00e4nnu inte offentliggjord.<\/p>\n<p>\u00c4ven Senior Open och AIG Women\u2019s Open f\u00e5r nya datum. De placeras direkt efter The Open f\u00f6r att skapa en tydlig och sammanh\u00e5llen t\u00e4vlingsperiod.<\/p>\n<p>Open-veckor 2028:<\/p>\n<ul class=\"wp-block-list\">\n<li><strong>The Open:<\/strong> 30 juli\u20136 augusti<\/li>\n<li><strong>ISPS Handa Senior Open:<\/strong> 7\u201313 augusti<\/li>\n<li><strong>AIG Women\u2019s Open:<\/strong> 14\u201320 augusti<\/li>\n<\/ul>\n<p>R&amp;A:s vd Mark Darbon s\u00e4ger att man samarbetat n\u00e4ra med internationella golforganisationer f\u00f6r att hitta en h\u00e5llbar l\u00f6sning f\u00f6r t\u00e4vlingskalendern. Han betonar att ett tidigt besked underl\u00e4ttar planeringen inf\u00f6r 2028 och att The Open \u00e5terg\u00e5r till sitt normala juli-datum 2029.<\/p>\n<p>OS-golfen 2028<\/p>\n<p>De olympiska golft\u00e4vlingarna spelas p\u00e5 klassiska Riviera Country Club i Los Angeles. F\u00f6r f\u00f6rsta g\u00e5ngen inf\u00f6rs ett mixed-lagformat d\u00e4r en man och en kvinna fr\u00e5n samma nation t\u00e4vlar tillsammans i 36 h\u00e5l \u2013 18 som foursome och 18 som fyrboll. Varje land f\u00e5r st\u00e4lla upp med ett lag, och spelarna m\u00e5ste \u00e4ven vara kvalificerade till de individuella t\u00e4vlingarna.<\/p>\n<p>OS i Los Angeles blir golfsportens fj\u00e4rde raka olympiska deltagande efter Rio 2016, Tokyo 2020 och Paris 2024. Senast tog Scottie Scheffler guld f\u00f6r USA p\u00e5 herrsidan och Lydia Ko guld f\u00f6r Nya Zeeland \u2013 hennes tredje OS-medalj, vilket g\u00f6r henne historisk.<\/p>\n","protected":false},"excerpt":{"rendered":"The R&amp;A bekr\u00e4ftar att The Open Championship 2028 flyttas fram tv\u00e5 veckor och nu spelas 3\u20136 augusti. Anledningen&hellip;\n","protected":false},"author":2,"featured_media":100484,"comment_status":"","ping_status":"","sticky":false,"template":"","format":"standard","meta":{"footnotes":""},"categories":[68],"tags":[34,111,110,31,33,32,30],"class_list":{"0":"post-100483","1":"post","2":"type-post","3":"status-publish","4":"format-standard","5":"has-post-thumbnail","7":"category-sport","8":"tag-se","9":"tag-sport","10":"tag-sports","11":"tag-svenska","12":"tag-sverige","13":"tag-sweden","14":"tag-swedish"},"share_on_mastodon":{"url":"https:\/\/pubeurope.com\/@se\/115685374207948773","error":""},"_links":{"self":[{"href":"https:\/\/www.europesays.com\/se\/wp-json\/wp\/v2\/posts\/100483","targetHints":{"allow":["GET"]}}],"collection":[{"href":"https:\/\/www.europesays.com\/se\/wp-json\/wp\/v2\/posts"}],"about":[{"href":"https:\/\/www.europesays.com\/se\/wp-json\/wp\/v2\/types\/post"}],"author":[{"embeddable":true,"href":"https:\/\/www.europesays.com\/se\/wp-json\/wp\/v2\/users\/2"}],"replies":[{"embeddable":true,"href":"https:\/\/www.europesays.com\/se\/wp-json\/wp\/v2\/comments?post=100483"}],"version-history":[{"count":0,"href":"https:\/\/www.europesays.com\/se\/wp-json\/wp\/v2\/posts\/100483\/revisions"}],"wp:featuredmedia":[{"embeddable":true,"href":"https:\/\/www.europesays.com\/se\/wp-json\/wp\/v2\/media\/100484"}],"wp:attachment":[{"href":"https:\/\/www.europesays.com\/se\/wp-json\/wp\/v2\/media?parent=100483"}],"wp:term":[{"taxonomy":"category","embeddable":true,"href":"https:\/\/www.europesays.com\/se\/wp-json\/wp\/v2\/categories?post=100483"},{"taxonomy":"post_tag","embeddable":true,"href":"https:\/\/www.europesays.com\/se\/wp-json\/wp\/v2\/tags?post=100483"}],"curies":[{"name":"wp","href":"https:\/\/api.w.org\/{rel}","templated":true}]}}