{"id":100487,"date":"2025-12-08T18:36:18","date_gmt":"2025-12-08T18:36:18","guid":{"rendered":"https:\/\/www.europesays.com\/se\/100487\/"},"modified":"2025-12-08T18:36:18","modified_gmt":"2025-12-08T18:36:18","slug":"trump-pressar-zelenskyj-om-fredsavtal-usa-ser-uppgorelse-som-mycket-nara","status":"publish","type":"post","link":"https:\/\/www.europesays.com\/se\/100487\/","title":{"rendered":"Trump pressar Zelenskyj om fredsavtal \u2013 USA ser uppg\u00f6relse som \u201dmycket n\u00e4ra\u201d"},"content":{"rendered":"<p class=\"font-sans text-base text-text-main dark:text-text-main-dark font-normal leading-[1.4]\">USA:s president Donald Trump s\u00e4ger sig vara besviken \u00f6ver att Volodymyr Zelenskyj \u00e4nnu inte l\u00e4st det amerikanska fredsf\u00f6rslaget f\u00f6r Ukraina och h\u00e4vdar att Vladimir Putin \u00e4r mer positiv till uppl\u00e4gget. Det rapporterar flera medier.\n <\/p>\n<p>Uttalandet kommer efter tre dagars f\u00f6rhandlingar mellan ukrainska och amerikanska f\u00f6retr\u00e4dare i Miami och inf\u00f6r ett nytt m\u00f6te p\u00e5 m\u00e5ndag d\u00e5 Zelenskyj reser till London f\u00f6r samtal med ledarna i Storbritannien, Frankrike och Tyskland.\n <\/p>\n<p>Samtidigt uppgav USA:s s\u00e4ndebud Keith Kellogg p\u00e5 s\u00f6ndagen att en uppg\u00f6relse med Ryssland \u00e4r \u201dmycket n\u00e4ra\u201d, men att tv\u00e5 fr\u00e5gor \u00e5terst\u00e5r: Donbass framtid och det ryskockuperade k\u00e4rnkraftverket i Zaporizjzja.<br \/>\n <br class=\"col-start-2\"\/><\/p>\n<p class=\"font-sans text-base text-text-main dark:text-text-main-dark font-normal leading-[1.4]\">Stefan Linn\u00e9r<br \/>\n <br class=\"col-start-2\"\/><br \/>\n stefan.linner@finwire.se<br \/>\n <br class=\"col-start-2\"\/><br \/>\n Nyhetsbyr\u00e5n Finwire<\/p>\n","protected":false},"excerpt":{"rendered":"USA:s president Donald Trump s\u00e4ger sig vara besviken \u00f6ver att Volodymyr Zelenskyj \u00e4nnu inte l\u00e4st det amerikanska fredsf\u00f6rslaget&hellip;\n","protected":false},"author":2,"featured_media":77249,"comment_status":"","ping_status":"","sticky":false,"template":"","format":"standard","meta":{"footnotes":""},"categories":[5],"tags":[22,23,26,27,17,21,24,25,28,29,15,16,18,34,31,33,32,30,19,20],"class_list":{"0":"post-100487","1":"post","2":"type-post","3":"status-publish","4":"format-standard","5":"has-post-thumbnail","7":"category-rubriker","8":"tag-breaking-news","9":"tag-breakingnews","10":"tag-featured-news","11":"tag-featurednews","12":"tag-headlines","13":"tag-huvudnyheter","14":"tag-latest-news","15":"tag-latestnews","16":"tag-main-news","17":"tag-mainnews","18":"tag-news","19":"tag-nyheter","20":"tag-rubriker","21":"tag-se","22":"tag-svenska","23":"tag-sverige","24":"tag-sweden","25":"tag-swedish","26":"tag-top-stories","27":"tag-topstories"},"share_on_mastodon":{"url":"https:\/\/pubeurope.com\/@se\/115685397880844179","error":""},"_links":{"self":[{"href":"https:\/\/www.europesays.com\/se\/wp-json\/wp\/v2\/posts\/100487","targetHints":{"allow":["GET"]}}],"collection":[{"href":"https:\/\/www.europesays.com\/se\/wp-json\/wp\/v2\/posts"}],"about":[{"href":"https:\/\/www.europesays.com\/se\/wp-json\/wp\/v2\/types\/post"}],"author":[{"embeddable":true,"href":"https:\/\/www.europesays.com\/se\/wp-json\/wp\/v2\/users\/2"}],"replies":[{"embeddable":true,"href":"https:\/\/www.europesays.com\/se\/wp-json\/wp\/v2\/comments?post=100487"}],"version-history":[{"count":0,"href":"https:\/\/www.europesays.com\/se\/wp-json\/wp\/v2\/posts\/100487\/revisions"}],"wp:featuredmedia":[{"embeddable":true,"href":"https:\/\/www.europesays.com\/se\/wp-json\/wp\/v2\/media\/77249"}],"wp:attachment":[{"href":"https:\/\/www.europesays.com\/se\/wp-json\/wp\/v2\/media?parent=100487"}],"wp:term":[{"taxonomy":"category","embeddable":true,"href":"https:\/\/www.europesays.com\/se\/wp-json\/wp\/v2\/categories?post=100487"},{"taxonomy":"post_tag","embeddable":true,"href":"https:\/\/www.europesays.com\/se\/wp-json\/wp\/v2\/tags?post=100487"}],"curies":[{"name":"wp","href":"https:\/\/api.w.org\/{rel}","templated":true}]}}