{"id":100523,"date":"2025-12-08T19:41:12","date_gmt":"2025-12-08T19:41:12","guid":{"rendered":"https:\/\/www.europesays.com\/se\/100523\/"},"modified":"2025-12-08T19:41:12","modified_gmt":"2025-12-08T19:41:12","slug":"tag-evakuerades-for-misstankt-foremal-var-godis-och-leksaker-expressen","status":"publish","type":"post","link":"https:\/\/www.europesays.com\/se\/100523\/","title":{"rendered":"T\u00e5g evakuerades f\u00f6r misst\u00e4nkt f\u00f6rem\u00e5l \u2013 var godis och leksaker &#8211; Expressen"},"content":{"rendered":"<ol>\n<li><a href=\"https:\/\/news.google.com\/rss\/articles\/CBMilwFBVV95cUxOTl8wdHhNaWZaOWY3VVJISUZvTE0xMDVkZDJqQS1VZldpODIzaVBFNWhSZV81Sk1MbE1GaGtMYlRzcW1qeHhuaDBfZnhscFlxM1cwTmdTWGo4WHdKUkQ3cHhFNFk3R3dEQ0ppZXptS0JKemNRUV9pRmwtTGVQczd0Rmg1cWh4N2pwZmZ4QmZRYTQzaUFCTGw4?oc=5\" target=\"_blank\" rel=\"nofollow noopener\">T\u00e5g evakuerades f\u00f6r misst\u00e4nkt f\u00f6rem\u00e5l \u2013 var godis och leksaker<\/a>&nbsp;&nbsp;Expressen<\/li>\n<li><a href=\"https:\/\/news.google.com\/rss\/articles\/CBMikgFBVV95cUxNczZub0xDWENSdG53cVBoQl8zWkxVNER2eHhKeDJWNlo5aEpJbGtGcS1qcDJUTUIwcndrN1RIbzdoZnJtemxNY2JHTFJrN1JQLXFyQVFTLVBnZThraWJJR0QxMDZfNFZjMTVXQ2pPNDhvUVJReVlqNm5iSldJYl9lX1hVTWwtS2hsVy1XdWVLSEUwUQ?oc=5\" target=\"_blank\" rel=\"nofollow noopener\">En person till sjukhus efter olycka \u2013 timmerbil tappade last &#8211; P4 V\u00e4sternorrland<\/a>&nbsp;&nbsp;Sveriges Radio<\/li>\n<li><a href=\"https:\/\/news.google.com\/rss\/articles\/CBMisAFBVV95cUxPeDBPQ1Nuc0FSX2lmYjR0eDY2X0I0c19PUFhUUDlXVDZtLXRyV2xYbG5pcHZ4cTN1WU5SRHdDZnVtZEVuNTRHUHlUQzRZZ29NRlhGOWdCVWt3Q2d1cUxDcHpBaE4yQW55cUdEbWg1N29xbGxBOVhFQnNCejBzRHR2cVNlQlFWWEl4M2pzcWxOWDJ6R3hxazF3MHpnRER3Vkp2dDZJeTZPdUdJSmpUQnBqQw?oc=5\" target=\"_blank\" rel=\"nofollow noopener\">En till sjukhus efter singelolycka i Bj\u00f6rna \u2013 timmer p\u00e5 v\u00e4gbanan<\/a>&nbsp;&nbsp;SVT Nyheter<\/li>\n<li><a href=\"https:\/\/news.google.com\/rss\/articles\/CBMia0FVX3lxTE5nWFhnZGR3Nll5QmlkSmtYTVBOUmxGZ1RJS0ZQOHdiZV80UDdPSW5RRjdQRlIxX0RydS01MnpIM1VjZWJvdTluZ3BycVJBRWgtTGlYQk8zYml4Z21hWXVwZ2piMGdJclk1X0hv?oc=5\" target=\"_blank\" rel=\"nofollow noopener\">Timmerbil tappade last<\/a>&nbsp;&nbsp;Allehanda.se<\/li>\n<li><a href=\"https:\/\/news.google.com\/rss\/articles\/CBMikwFBVV95cUxOb193ejJQTFE5b0tqTUc0LW03cUJBWUNkeldUQzNoUWR2M1hFOWxTdFlVaUd3RzN4SE9xMUY5S2Qxbnd6X3hjX2UwNk9rLW43c1Y1MmRkREJrRHQ4NEREb2MwdVIzTTYxM1FCUjBUOEZ5eUU0dU5HN25LQXVmejFJWUR4M1RMazZScUx1andTUVBvMjA?oc=5\" target=\"_blank\" rel=\"nofollow noopener\">Just nu: Singelolycka orsakar stopp p\u00e5 v\u00e4g 352<\/a>&nbsp;&nbsp;Nordsverige<\/li>\n<\/ol>\n","protected":false},"excerpt":{"rendered":"T\u00e5g evakuerades f\u00f6r misst\u00e4nkt f\u00f6rem\u00e5l \u2013 var godis och leksaker&nbsp;&nbsp;Expressen En person till sjukhus efter olycka \u2013 timmerbil&hellip;\n","protected":false},"author":2,"featured_media":39,"comment_status":"","ping_status":"","sticky":false,"template":"","format":"standard","meta":{"footnotes":""},"categories":[5],"tags":[22,23,26,27,35,17,21,24,25,28,29,15,16,18,34,31,33,32,30,19,20],"class_list":{"0":"post-100523","1":"post","2":"type-post","3":"status-publish","4":"format-standard","5":"has-post-thumbnail","7":"category-rubriker","8":"tag-breaking-news","9":"tag-breakingnews","10":"tag-featured-news","11":"tag-featurednews","12":"tag-function-ta-bort-ai-rost","13":"tag-headlines","14":"tag-huvudnyheter","15":"tag-latest-news","16":"tag-latestnews","17":"tag-main-news","18":"tag-mainnews","19":"tag-news","20":"tag-nyheter","21":"tag-rubriker","22":"tag-se","23":"tag-svenska","24":"tag-sverige","25":"tag-sweden","26":"tag-swedish","27":"tag-top-stories","28":"tag-topstories"},"share_on_mastodon":{"url":"https:\/\/pubeurope.com\/@se\/115685653453482652","error":""},"_links":{"self":[{"href":"https:\/\/www.europesays.com\/se\/wp-json\/wp\/v2\/posts\/100523","targetHints":{"allow":["GET"]}}],"collection":[{"href":"https:\/\/www.europesays.com\/se\/wp-json\/wp\/v2\/posts"}],"about":[{"href":"https:\/\/www.europesays.com\/se\/wp-json\/wp\/v2\/types\/post"}],"author":[{"embeddable":true,"href":"https:\/\/www.europesays.com\/se\/wp-json\/wp\/v2\/users\/2"}],"replies":[{"embeddable":true,"href":"https:\/\/www.europesays.com\/se\/wp-json\/wp\/v2\/comments?post=100523"}],"version-history":[{"count":0,"href":"https:\/\/www.europesays.com\/se\/wp-json\/wp\/v2\/posts\/100523\/revisions"}],"wp:featuredmedia":[{"embeddable":true,"href":"https:\/\/www.europesays.com\/se\/wp-json\/wp\/v2\/media\/39"}],"wp:attachment":[{"href":"https:\/\/www.europesays.com\/se\/wp-json\/wp\/v2\/media?parent=100523"}],"wp:term":[{"taxonomy":"category","embeddable":true,"href":"https:\/\/www.europesays.com\/se\/wp-json\/wp\/v2\/categories?post=100523"},{"taxonomy":"post_tag","embeddable":true,"href":"https:\/\/www.europesays.com\/se\/wp-json\/wp\/v2\/tags?post=100523"}],"curies":[{"name":"wp","href":"https:\/\/api.w.org\/{rel}","templated":true}]}}