{"id":100526,"date":"2025-12-08T19:48:09","date_gmt":"2025-12-08T19:48:09","guid":{"rendered":"https:\/\/www.europesays.com\/se\/100526\/"},"modified":"2025-12-08T19:48:09","modified_gmt":"2025-12-08T19:48:09","slug":"stoldrader-mot-skogsmaskiner-i-dalarna-polisens-varning","status":"publish","type":"post","link":"https:\/\/www.europesays.com\/se\/100526\/","title":{"rendered":"St\u00f6ldr\u00e4der mot skogsmaskiner i Dalarna \u2013 polisens varning"},"content":{"rendered":"<p>Publicerad 8 dec 2025 kl 17.06Uppdaterad kl 19.48<\/p>\n<p>I Dalarna har det intr\u00e4ffat flera st\u00f6lder d\u00e4r skogsmaskiner l\u00e4nsats p\u00e5 v\u00e4rdefull utrustning.<\/p>\n<p>Nu varnar polisen f\u00f6r fenomenet.<\/p>\n<p>\u2013 Det kan bli riktigt stora v\u00e4rden i samband med de h\u00e4r st\u00f6lderna, s\u00e4ger Christina Hallin, presstalesperson p\u00e5 polisen. \u00a0\u00a0<\/p>\n<p><img   alt=\"\"\/><\/p>\n<p>Ett flertal st\u00f6lder har riktats mot utrustning i skogsmaskiner i Dalarna. Bilden \u00e4r tagen vid ett annat tillf\u00e4lle.<\/p>\n<p>Foto: FREDRIK PERSSON \/ TT NYHETSBYR\u00c5N<\/p>\n<p>\u00d6ppna bild i helsk\u00e4rm<\/p>\n<p>Den senaste tiden har det skett flera st\u00f6lder d\u00e4r skogsmaskiner har blivit l\u00e4nsade p\u00e5 utrustning i <a href=\"https:\/\/www.expressen.se\/tagg\/location\/dalarna\/\" class=\"\" rel=\"nofollow noopener\" target=\"_blank\">Dalarna<\/a>, uppger polisen.<\/p>\n<p>Det handlar om GPS:er, datorer och annan datorteknik som finns i fordonen. Den h\u00e4r typen av teknik \u00e4r mycket st\u00f6ldbeg\u00e4rlig, skriver polisen.<\/p>\n<p>St\u00f6lderna har intr\u00e4ffat i Eldforsen och Dala-J\u00e4rna i Vansbro kommun. Det har \u00e4ven skett ett liknande brott i norra V\u00e4rmland under h\u00f6sten.<\/p>\n<p>\u2013 Det kan bli riktigt stora v\u00e4rden i samband med de h\u00e4r st\u00f6lderna. Ett par tre hundra tusen kan man nog komma upp i, s\u00e4ger Christina Hallin, polisens presstalesperson i region Bergslagen.\u00a0<\/p>\n<p>Kan vara en liga\u00a0<\/p>\n<p>Om en viss del av utrustning tas bort kan maskinerna bli obrukbara. Enligt polisen kan det handla om samma g\u00e4rningsm\u00e4n.<\/p>\n<p>\u2013 Framf\u00f6r allt det h\u00e4r tv\u00e5 i Dalarna som \u00e4r i samma kommun. Men \u00e4ven det \u00e4rendet i norra V\u00e4rmland \u00e4r relativt n\u00e4ra l\u00e4nsgr\u00e4nsen \u2013 s\u00e5 absolut att det kan vara det, s\u00e4ger Christina Hallin.<\/p>\n<p>Nu varnar polisen och kommer flera tips p\u00e5 vad skogsmaskins\u00e4gare kan g\u00f6ra f\u00f6r att f\u00f6rhindra st\u00f6lderna:<\/p>\n<p> Parkera fordonet p\u00e5 en v\u00e4lupplyst och bevakad plats, helst i ett l\u00e5st och larmat garage eller d\u00e4r det \u00e4r sv\u00e5rt att hitta fr\u00e5n v\u00e4gar i n\u00e4rheten.<\/p>\n<p> F\u00f6rvara nyckeln p\u00e5 ett s\u00e4kert st\u00e4lle. Om m\u00f6jligt, montera ur st\u00f6ldbeg\u00e4rlig utrustning n\u00e4r passet \u00e4r avslutat och f\u00f6rvara det p\u00e5 en s\u00e4ker plats.<\/p>\n<p> DNA-m\u00e4rk gps-utrustningen. Det \u00f6kar m\u00f6jligheten att sp\u00e5ra och hitta utrustningen om den blivit stulen. Att ha serienumret tillg\u00e4ngligt underl\u00e4ttar ocks\u00e5 sp\u00e5rning om st\u00f6ldgodset hittas.<\/p>\n","protected":false},"excerpt":{"rendered":"Publicerad 8 dec 2025 kl 17.06Uppdaterad kl 19.48 I Dalarna har det intr\u00e4ffat flera st\u00f6lder d\u00e4r skogsmaskiner l\u00e4nsats&hellip;\n","protected":false},"author":2,"featured_media":100527,"comment_status":"","ping_status":"","sticky":false,"template":"","format":"standard","meta":{"footnotes":""},"categories":[12],"tags":[22,23,26,27,17,21,24,25,1098,11552,1097,28,29,15,16,18,34,154,31,33,32,30,19,20],"class_list":{"0":"post-100526","1":"post","2":"type-post","3":"status-publish","4":"format-standard","5":"has-post-thumbnail","7":"category-sverige","8":"tag-breaking-news","9":"tag-breakingnews","10":"tag-featured-news","11":"tag-featurednews","12":"tag-headlines","13":"tag-huvudnyheter","14":"tag-latest-news","15":"tag-latestnews","16":"tag-location-dalarna","17":"tag-location-vansbro","18":"tag-location-varmland","19":"tag-main-news","20":"tag-mainnews","21":"tag-news","22":"tag-nyheter","23":"tag-rubriker","24":"tag-se","25":"tag-sections-sverige","26":"tag-svenska","27":"tag-sverige","28":"tag-sweden","29":"tag-swedish","30":"tag-top-stories","31":"tag-topstories"},"share_on_mastodon":{"url":"https:\/\/pubeurope.com\/@se\/115685681051771791","error":""},"_links":{"self":[{"href":"https:\/\/www.europesays.com\/se\/wp-json\/wp\/v2\/posts\/100526","targetHints":{"allow":["GET"]}}],"collection":[{"href":"https:\/\/www.europesays.com\/se\/wp-json\/wp\/v2\/posts"}],"about":[{"href":"https:\/\/www.europesays.com\/se\/wp-json\/wp\/v2\/types\/post"}],"author":[{"embeddable":true,"href":"https:\/\/www.europesays.com\/se\/wp-json\/wp\/v2\/users\/2"}],"replies":[{"embeddable":true,"href":"https:\/\/www.europesays.com\/se\/wp-json\/wp\/v2\/comments?post=100526"}],"version-history":[{"count":0,"href":"https:\/\/www.europesays.com\/se\/wp-json\/wp\/v2\/posts\/100526\/revisions"}],"wp:featuredmedia":[{"embeddable":true,"href":"https:\/\/www.europesays.com\/se\/wp-json\/wp\/v2\/media\/100527"}],"wp:attachment":[{"href":"https:\/\/www.europesays.com\/se\/wp-json\/wp\/v2\/media?parent=100526"}],"wp:term":[{"taxonomy":"category","embeddable":true,"href":"https:\/\/www.europesays.com\/se\/wp-json\/wp\/v2\/categories?post=100526"},{"taxonomy":"post_tag","embeddable":true,"href":"https:\/\/www.europesays.com\/se\/wp-json\/wp\/v2\/tags?post=100526"}],"curies":[{"name":"wp","href":"https:\/\/api.w.org\/{rel}","templated":true}]}}