{"id":100584,"date":"2025-12-08T21:02:35","date_gmt":"2025-12-08T21:02:35","guid":{"rendered":"https:\/\/www.europesays.com\/se\/100584\/"},"modified":"2025-12-08T21:02:35","modified_gmt":"2025-12-08T21:02:35","slug":"efter-netflix-affaren-paramount-lagger-bud-pa-warner-bros","status":"publish","type":"post","link":"https:\/\/www.europesays.com\/se\/100584\/","title":{"rendered":"Efter Netflix-aff\u00e4ren: Paramount l\u00e4gger bud p\u00e5 Warner Bros"},"content":{"rendered":"<p class=\"font-sans text-base text-text-main dark:text-text-main-dark font-normal leading-[1.4]\">Paramount Skydance l\u00e4gger bud p\u00e5 hela Warner Bros Discovery, \u00e4garen bakom bland annat konkurrenten HBO Max, vid 30 dollar per aktie.<\/p>\n<p class=\"font-sans text-base text-text-main dark:text-text-main-dark font-normal leading-[1.4]\">Det framg\u00e5r av ett pressmeddelande p\u00e5 m\u00e5ndagen i sp\u00e5ren av att Netflix i fredags lade bud p\u00e5 Warner Bros, ett bud vars l\u00e4mplighet har diskuterats.<\/p>\n<p class=\"font-sans text-base text-text-main dark:text-text-main-dark font-normal leading-[1.4]\">Fredagens Netflix-f\u00f6rv\u00e4rv kom efter en strid d\u00e4r \u00e4ven Paramount Skydance och Comcast har varit intressenter f\u00f6r Warner Bros.<\/p>\n<p class=\"font-sans text-base text-text-main dark:text-text-main-dark font-normal leading-[1.4]\">Warner Bros ska enligt planerna vid Netflix-aff\u00e4ren knoppa av sin tv-kanalsverksamhet, vilket inkluderar bland annat TNT och CNN. Paramounts erbjudande avser d\u00e4remot \u00e4ven Global Networks-segmentet, som innefattar dessa kanaler, vilket Netflix bud inte g\u00f6r.<\/p>\n<p class=\"font-sans text-base text-text-main dark:text-text-main-dark font-normal leading-[1.4]\">Enligt Paramount inneb\u00e4r Paramounts erbjudande \u00f6verl\u00e4gset v\u00e4rde samt en s\u00e4krare och snabbare v\u00e4g till slutf\u00f6rande.<\/p>\n<p class=\"font-sans text-base text-text-main dark:text-text-main-dark font-normal leading-[1.4]\">&#8221;Netflix transaktion ger Warner Bros Discoverys aktie\u00e4gare underl\u00e4gset och os\u00e4kert v\u00e4rde, en utdragen och os\u00e4ker godk\u00e4nnandeprocess i flera jurisdiktioner, en komplex och volatil blandning av aktiekapital och kontanter, samt \u00e4gande av Global Networks som ett sj\u00e4lvst\u00e5ende, \u00f6verskuldsatt f\u00f6retag vars framtida marknadsv\u00e4rde \u00e4r os\u00e4kert&#8221;, argumenterar Paramount.<\/p>\n<p class=\"font-sans text-base text-text-main dark:text-text-main-dark font-normal leading-[1.4]\">Warner Bros aktie var upp 6 procent i m\u00e5ndagens amerikanska f\u00f6rhandel.<\/p>\n","protected":false},"excerpt":{"rendered":"Paramount Skydance l\u00e4gger bud p\u00e5 hela Warner Bros Discovery, \u00e4garen bakom bland annat konkurrenten HBO Max, vid 30&hellip;\n","protected":false},"author":2,"featured_media":100585,"comment_status":"","ping_status":"","sticky":false,"template":"","format":"standard","meta":{"footnotes":""},"categories":[5],"tags":[22,23,26,27,17,21,24,25,28,29,2399,15,16,11409,18,34,31,33,32,30,19,20],"class_list":{"0":"post-100584","1":"post","2":"type-post","3":"status-publish","4":"format-standard","5":"has-post-thumbnail","7":"category-rubriker","8":"tag-breaking-news","9":"tag-breakingnews","10":"tag-featured-news","11":"tag-featurednews","12":"tag-headlines","13":"tag-huvudnyheter","14":"tag-latest-news","15":"tag-latestnews","16":"tag-main-news","17":"tag-mainnews","18":"tag-netflix","19":"tag-news","20":"tag-nyheter","21":"tag-paramount-skydance","22":"tag-rubriker","23":"tag-se","24":"tag-svenska","25":"tag-sverige","26":"tag-sweden","27":"tag-swedish","28":"tag-top-stories","29":"tag-topstories"},"share_on_mastodon":{"url":"https:\/\/pubeurope.com\/@se\/115685971947237417","error":""},"_links":{"self":[{"href":"https:\/\/www.europesays.com\/se\/wp-json\/wp\/v2\/posts\/100584","targetHints":{"allow":["GET"]}}],"collection":[{"href":"https:\/\/www.europesays.com\/se\/wp-json\/wp\/v2\/posts"}],"about":[{"href":"https:\/\/www.europesays.com\/se\/wp-json\/wp\/v2\/types\/post"}],"author":[{"embeddable":true,"href":"https:\/\/www.europesays.com\/se\/wp-json\/wp\/v2\/users\/2"}],"replies":[{"embeddable":true,"href":"https:\/\/www.europesays.com\/se\/wp-json\/wp\/v2\/comments?post=100584"}],"version-history":[{"count":0,"href":"https:\/\/www.europesays.com\/se\/wp-json\/wp\/v2\/posts\/100584\/revisions"}],"wp:featuredmedia":[{"embeddable":true,"href":"https:\/\/www.europesays.com\/se\/wp-json\/wp\/v2\/media\/100585"}],"wp:attachment":[{"href":"https:\/\/www.europesays.com\/se\/wp-json\/wp\/v2\/media?parent=100584"}],"wp:term":[{"taxonomy":"category","embeddable":true,"href":"https:\/\/www.europesays.com\/se\/wp-json\/wp\/v2\/categories?post=100584"},{"taxonomy":"post_tag","embeddable":true,"href":"https:\/\/www.europesays.com\/se\/wp-json\/wp\/v2\/tags?post=100584"}],"curies":[{"name":"wp","href":"https:\/\/api.w.org\/{rel}","templated":true}]}}