{"id":100611,"date":"2025-12-08T21:38:08","date_gmt":"2025-12-08T21:38:08","guid":{"rendered":"https:\/\/www.europesays.com\/se\/100611\/"},"modified":"2025-12-08T21:38:08","modified_gmt":"2025-12-08T21:38:08","slug":"samsung-inleder-oppen-betatestning-av-one-ui-8-5","status":"publish","type":"post","link":"https:\/\/www.europesays.com\/se\/100611\/","title":{"rendered":"Samsung inleder \u00f6ppen betatestning av One UI 8.5"},"content":{"rendered":"<p class=\"kicker t20 font-Raleway\" style=\"\">Sverige f\u00e5r v\u00e4nta<\/p>\n<p>    \u00d6ppna betatestningen av kommande One UI 8.5 har startat, men bara f\u00f6r tre modeller och sex l\u00e4nder.<\/p>\n<p>Samsung meddelar att\u00a0One\u00a0UI 8.5\u00a0nu har ett officiellt betaprogram och att det inledningsvis \u00f6ppnas f\u00f6r\u00a0Galaxy\u00a0S25,\u00a0Galaxy\u00a0S25+ och\u00a0Galaxy\u00a0S25 Ultra. Modellerna\u00a0S25\u00a0Edge\u00a0och\u00a0S25 FE\u00a0ing\u00e5r inte i den f\u00f6rsta omg\u00e5ngen. Deltagare m\u00e5ste registrera sig via\u00a0Samsung\u00a0Members\u2011appen, ha ett lokalt SIM\u2011kort och vara inloggade med ett Samsung\u2011konto f\u00f6r att kunna delta.\u00a0Betatestningen inleds dessutom enbart i USA, Storbritannien, Tyskland, Korea, Indien och Polen. <\/p>\n<p>Uppdateringen inneh\u00e5ller flera anv\u00e4ndargr\u00e4nssnitts\u2011 och\u00a0funktionf\u00f6rb\u00e4ttringar. Bland nyheterna finns en\u00a0helt anpassningsbar Quick Panel, en f\u00f6rb\u00e4ttrad version av\u00a0Bixby, samt ut\u00f6kade\u00a0Galaxy\u00a0AI\u2011funktioner f\u00f6r bildredigering. Funktionen\u00a0Storage\u00a0Share\u00a0g\u00f6r det m\u00f6jligt att komma \u00e5t data fr\u00e5n flera Samsung\u2011telefoner och surfplattor, och det finns nya f\u00f6rslag p\u00e5 kontakter f\u00f6r\u00a0Quick\u00a0Share. <\/p>\n<p>Kommunikations\u2011 och medieverktyg f\u00e5r ocks\u00e5 uppdateringar.\u00a0One\u00a0UI 8.5 erbjuder enklare hantering av\u00a0Auracast\u00a0och st\u00f6d f\u00f6r r\u00f6st\u2011s\u00e4ndningar, samt f\u00f6rb\u00e4ttrade layouter f\u00f6r klockan p\u00e5 l\u00e5ssk\u00e4rmen och nya\u00a0v\u00e4dereffekter f\u00f6r alarm. F\u00f6r anv\u00e4ndare som tr\u00e4nar g\u00e5r det att dela tr\u00e4ningsstatistik och prestationer via\u00a0Samsung Health. <\/p>\n<p>S\u00e4kerhet och batterihantering har uppgraderats. Systemet introducerar bland annat\u00a0Theft\u00a0Protection\u00a0f\u00f6r b\u00e4ttre skydd mot st\u00f6ld och ett omarbetat batteriavsnitt som ger mer praktisk information om f\u00f6rv\u00e4ntad batteritid. Samsung kan komma att sl\u00e4ppa flera beta\u2011versioner innan den stabila\u00a0One\u00a0UI 8.5\u2011uppdateringen rullas ut under b\u00f6rjan av n\u00e4sta \u00e5r.\u00a0<\/p>\n","protected":false},"excerpt":{"rendered":"Sverige f\u00e5r v\u00e4nta \u00d6ppna betatestningen av kommande One UI 8.5 har startat, men bara f\u00f6r tre modeller och&hellip;\n","protected":false},"author":2,"featured_media":30998,"comment_status":"","ping_status":"","sticky":false,"template":"","format":"standard","meta":{"footnotes":""},"categories":[66],"tags":[80,78,79,34,31,33,32,30,81,84,83,82],"class_list":{"0":"post-100611","1":"post","2":"type-post","3":"status-publish","4":"format-standard","5":"has-post-thumbnail","7":"category-vetenskap-och-teknik","8":"tag-science","9":"tag-science-and-technology","10":"tag-scienceandtechnology","11":"tag-se","12":"tag-svenska","13":"tag-sverige","14":"tag-sweden","15":"tag-swedish","16":"tag-technology","17":"tag-teknik","18":"tag-vetenskap","19":"tag-vetenskapteknik"},"share_on_mastodon":{"url":"https:\/\/pubeurope.com\/@se\/115686113464239926","error":""},"_links":{"self":[{"href":"https:\/\/www.europesays.com\/se\/wp-json\/wp\/v2\/posts\/100611","targetHints":{"allow":["GET"]}}],"collection":[{"href":"https:\/\/www.europesays.com\/se\/wp-json\/wp\/v2\/posts"}],"about":[{"href":"https:\/\/www.europesays.com\/se\/wp-json\/wp\/v2\/types\/post"}],"author":[{"embeddable":true,"href":"https:\/\/www.europesays.com\/se\/wp-json\/wp\/v2\/users\/2"}],"replies":[{"embeddable":true,"href":"https:\/\/www.europesays.com\/se\/wp-json\/wp\/v2\/comments?post=100611"}],"version-history":[{"count":0,"href":"https:\/\/www.europesays.com\/se\/wp-json\/wp\/v2\/posts\/100611\/revisions"}],"wp:featuredmedia":[{"embeddable":true,"href":"https:\/\/www.europesays.com\/se\/wp-json\/wp\/v2\/media\/30998"}],"wp:attachment":[{"href":"https:\/\/www.europesays.com\/se\/wp-json\/wp\/v2\/media?parent=100611"}],"wp:term":[{"taxonomy":"category","embeddable":true,"href":"https:\/\/www.europesays.com\/se\/wp-json\/wp\/v2\/categories?post=100611"},{"taxonomy":"post_tag","embeddable":true,"href":"https:\/\/www.europesays.com\/se\/wp-json\/wp\/v2\/tags?post=100611"}],"curies":[{"name":"wp","href":"https:\/\/api.w.org\/{rel}","templated":true}]}}