{"id":100619,"date":"2025-12-08T22:02:11","date_gmt":"2025-12-08T22:02:11","guid":{"rendered":"https:\/\/www.europesays.com\/se\/100619\/"},"modified":"2025-12-08T22:02:11","modified_gmt":"2025-12-08T22:02:11","slug":"tamkatten-kom-till-europa-mycket-senare-an-vi-hittills-trott","status":"publish","type":"post","link":"https:\/\/www.europesays.com\/se\/100619\/","title":{"rendered":"Tamkatten kom till Europa mycket senare \u00e4n vi hittills trott"},"content":{"rendered":"<p>Resultaten ifr\u00e5gas\u00e4tter uppfattningen att tamkatten kom till Europa under bondesten\u00e5ldern och placerar ist\u00e4llet dess ankomst flera \u00e5rtusenden senare, skriver forskarna i artikeln.<\/p>\n<p>Dessutom visade proverna att tamkattens f\u00f6rf\u00e4der var n\u00e4ra besl\u00e4ktade med den afrikanska vildkatten (Felis lybica lybica).<\/p>\n<p>Enligt studien skapade nordafrikanska katter genpoolen f\u00f6r tamkatten, och spridningen av katten till Europa skedde i samband med romarrikets expansion.<\/p>\n<p>Forskarna pekar p\u00e5 att katter spreds \u00f6ver hela Europa via romerska h\u00e4rv\u00e4gar. <a href=\"https:\/\/varldenshistoria.se\/civilisationer\/romarriket\/21-udda-fakta-om-romarriket\" class=\"hover:font-bold\" rel=\"nofollow noopener\" target=\"_blank\">Romarna<\/a> anv\u00e4nde dem troligen f\u00f6r att bek\u00e4mpa gnagare, precis som sten\u00e5ldersb\u00f6nderna hade gjort tusentals \u00e5r tidigare.<\/p>\n<p>De gamla egyptierna hade ocks\u00e5 en speciell relation till katten. De \u00e4lskade faktiskt katten mer \u00e4n n\u00e5got annat djur. Denna enorma k\u00e4rlek fick dock dramatiska konsekvenser p\u00e5 slagf\u00e4ltet n\u00e4r perserna \u00e5r 525 f Kr helt enkelt attackerade egyptierna med katter som vapen:<\/p>\n","protected":false},"excerpt":{"rendered":"Resultaten ifr\u00e5gas\u00e4tter uppfattningen att tamkatten kom till Europa under bondesten\u00e5ldern och placerar ist\u00e4llet dess ankomst flera \u00e5rtusenden senare,&hellip;\n","protected":false},"author":2,"featured_media":100620,"comment_status":"","ping_status":"","sticky":false,"template":"","format":"standard","meta":{"footnotes":""},"categories":[66],"tags":[80,78,79,34,31,33,32,30,81,84,83,82],"class_list":{"0":"post-100619","1":"post","2":"type-post","3":"status-publish","4":"format-standard","5":"has-post-thumbnail","7":"category-vetenskap-och-teknik","8":"tag-science","9":"tag-science-and-technology","10":"tag-scienceandtechnology","11":"tag-se","12":"tag-svenska","13":"tag-sverige","14":"tag-sweden","15":"tag-swedish","16":"tag-technology","17":"tag-teknik","18":"tag-vetenskap","19":"tag-vetenskapteknik"},"share_on_mastodon":{"url":"https:\/\/pubeurope.com\/@se\/115686207886145275","error":""},"_links":{"self":[{"href":"https:\/\/www.europesays.com\/se\/wp-json\/wp\/v2\/posts\/100619","targetHints":{"allow":["GET"]}}],"collection":[{"href":"https:\/\/www.europesays.com\/se\/wp-json\/wp\/v2\/posts"}],"about":[{"href":"https:\/\/www.europesays.com\/se\/wp-json\/wp\/v2\/types\/post"}],"author":[{"embeddable":true,"href":"https:\/\/www.europesays.com\/se\/wp-json\/wp\/v2\/users\/2"}],"replies":[{"embeddable":true,"href":"https:\/\/www.europesays.com\/se\/wp-json\/wp\/v2\/comments?post=100619"}],"version-history":[{"count":0,"href":"https:\/\/www.europesays.com\/se\/wp-json\/wp\/v2\/posts\/100619\/revisions"}],"wp:featuredmedia":[{"embeddable":true,"href":"https:\/\/www.europesays.com\/se\/wp-json\/wp\/v2\/media\/100620"}],"wp:attachment":[{"href":"https:\/\/www.europesays.com\/se\/wp-json\/wp\/v2\/media?parent=100619"}],"wp:term":[{"taxonomy":"category","embeddable":true,"href":"https:\/\/www.europesays.com\/se\/wp-json\/wp\/v2\/categories?post=100619"},{"taxonomy":"post_tag","embeddable":true,"href":"https:\/\/www.europesays.com\/se\/wp-json\/wp\/v2\/tags?post=100619"}],"curies":[{"name":"wp","href":"https:\/\/api.w.org\/{rel}","templated":true}]}}