{"id":100636,"date":"2025-12-08T22:46:36","date_gmt":"2025-12-08T22:46:36","guid":{"rendered":"https:\/\/www.europesays.com\/se\/100636\/"},"modified":"2025-12-08T22:46:36","modified_gmt":"2025-12-08T22:46:36","slug":"forslaget-stoppar-trump-fran-att-overge-europa","status":"publish","type":"post","link":"https:\/\/www.europesays.com\/se\/100636\/","title":{"rendered":"F\u00f6rslaget stoppar Trump fr\u00e5n att \u00f6verge Europa"},"content":{"rendered":"<p>USA:s f\u00e4rska f\u00f6rsvarspaket avsl\u00f6jar att republikanerna i kongressen trotsar Donald Trump. Lagstiftningen l\u00e4gger fram hinder f\u00f6r att dra tillbaka soldater fr\u00e5n Europa, kr\u00e4ver att Natobef\u00e4lhavaren ska forts\u00e4tta vara amerikan och inneh\u00e5ller \u00e4ven en miljardsatsning p\u00e5 Baltikum.<\/p>\n<p><strong class=\"global-xxs-bold\">Uppdaterad:<\/strong> 8 december 2025, 16:05<strong class=\"global-xxs-bold\">Publicerad:<\/strong> 8 december 2025, 15:54<\/p>\n<p>Spara<\/p>\n","protected":false},"excerpt":{"rendered":"USA:s f\u00e4rska f\u00f6rsvarspaket avsl\u00f6jar att republikanerna i kongressen trotsar Donald Trump. Lagstiftningen l\u00e4gger fram hinder f\u00f6r att dra&hellip;\n","protected":false},"author":2,"featured_media":100637,"comment_status":"","ping_status":"","sticky":false,"template":"","format":"standard","meta":{"footnotes":""},"categories":[5],"tags":[22,23,26,27,17,21,24,25,28,29,15,16,18,34,31,33,32,30,19,20],"class_list":{"0":"post-100636","1":"post","2":"type-post","3":"status-publish","4":"format-standard","5":"has-post-thumbnail","7":"category-rubriker","8":"tag-breaking-news","9":"tag-breakingnews","10":"tag-featured-news","11":"tag-featurednews","12":"tag-headlines","13":"tag-huvudnyheter","14":"tag-latest-news","15":"tag-latestnews","16":"tag-main-news","17":"tag-mainnews","18":"tag-news","19":"tag-nyheter","20":"tag-rubriker","21":"tag-se","22":"tag-svenska","23":"tag-sverige","24":"tag-sweden","25":"tag-swedish","26":"tag-top-stories","27":"tag-topstories"},"share_on_mastodon":{"url":"https:\/\/pubeurope.com\/@se\/115686380871508315","error":""},"_links":{"self":[{"href":"https:\/\/www.europesays.com\/se\/wp-json\/wp\/v2\/posts\/100636","targetHints":{"allow":["GET"]}}],"collection":[{"href":"https:\/\/www.europesays.com\/se\/wp-json\/wp\/v2\/posts"}],"about":[{"href":"https:\/\/www.europesays.com\/se\/wp-json\/wp\/v2\/types\/post"}],"author":[{"embeddable":true,"href":"https:\/\/www.europesays.com\/se\/wp-json\/wp\/v2\/users\/2"}],"replies":[{"embeddable":true,"href":"https:\/\/www.europesays.com\/se\/wp-json\/wp\/v2\/comments?post=100636"}],"version-history":[{"count":0,"href":"https:\/\/www.europesays.com\/se\/wp-json\/wp\/v2\/posts\/100636\/revisions"}],"wp:featuredmedia":[{"embeddable":true,"href":"https:\/\/www.europesays.com\/se\/wp-json\/wp\/v2\/media\/100637"}],"wp:attachment":[{"href":"https:\/\/www.europesays.com\/se\/wp-json\/wp\/v2\/media?parent=100636"}],"wp:term":[{"taxonomy":"category","embeddable":true,"href":"https:\/\/www.europesays.com\/se\/wp-json\/wp\/v2\/categories?post=100636"},{"taxonomy":"post_tag","embeddable":true,"href":"https:\/\/www.europesays.com\/se\/wp-json\/wp\/v2\/tags?post=100636"}],"curies":[{"name":"wp","href":"https:\/\/api.w.org\/{rel}","templated":true}]}}