{"id":100662,"date":"2025-12-08T23:40:09","date_gmt":"2025-12-08T23:40:09","guid":{"rendered":"https:\/\/www.europesays.com\/se\/100662\/"},"modified":"2025-12-08T23:40:09","modified_gmt":"2025-12-08T23:40:09","slug":"intel-arc-battlemage-bmg-g31-hittas-i-officiell-mjukvara","status":"publish","type":"post","link":"https:\/\/www.europesays.com\/se\/100662\/","title":{"rendered":"Intel Arc Battlemage BMG-G31 hittas i officiell mjukvara"},"content":{"rendered":"<p><strong>Intel Arc Battlemage BMG-G31 \u00e4r en GPU som l\u00e4nge cirkulerat i rykten. Nu har den officiellt n\u00e4mnts i Intels egen mjukvara vilket kan inneb\u00e4ra en stundande lansering.<\/strong><\/p>\n<p>Sedan Intel f\u00f6rst introducerade sin Battlemage-familj av grafikkort har vi endast sett tv\u00e5 modeller lanseras. Dessa i form av Arc B570 och B580, b\u00e5da menade f\u00f6r mellansegmentet. Vi har dock sett rykten om mer h\u00f6gpresterande grafikkort fr\u00e5n det bl\u00e5 laget i cirka ett \u00e5r och nu ser det ut som att dessa rykten faktiskt st\u00e4mmer.<\/p>\n<p>I den senaste uppdateringen f\u00f6r mjukvaran VTune listar Intel officiellt st\u00f6d f\u00f6r Intel Core Ultra 3-seriens processorer (Panther Lake) och \u00e4ven Arc Battlemage BMG-G31. N\u00e5got som kan inneb\u00e4ra att Intel f\u00f6rbereder en hel del produkter att visa upp vid CES 2026 som g\u00e5r av stapeln precis efter ny\u00e5r.<\/p>\n<p>Intel Arc Battlemage BMG-G31 f\u00f6rv\u00e4ntas vara en mer h\u00f6gpresterande grafikprocessor \u00e4n vad f\u00f6retaget har att erbjuda idag. Tidigare rykten har menat att GPU:n kommer vara hj\u00e4rtat i grafikkort Arc B770 med 32 Xe2-k\u00e4rnor ist\u00e4llet f\u00f6r 20 k\u00e4rnor hos B580. Andra ryktade specifikationer inkluderar 16 gigabyte GDDR6-minne, en 256-bit bred minnesbuss och en full PCIe 5.0 x16-anslutning.<\/p>\n<p><img fetchpriority=\"high\" decoding=\"async\" class=\"alignnone size-large wp-image-1072992\" src=\"https:\/\/www.europesays.com\/se\/wp-content\/uploads\/2025\/12\/Intel-Arc-Battlemage-BMG-G31-VTune-1024x499.jpg\" alt=\"\" width=\"696\" height=\"339\"  \/><\/p>\n<p>Intels grafiksatsning har sakta men s\u00e4kert l\u00e5tit f\u00f6retaget knipa en procent av grafikkortsmarknaden enligt en rapport fr\u00e5n <a href=\"https:\/\/www.jonpeddie.com\/news\/global-add-in-board-market-8-8-billion-in-q325-with-a-cagr-of-0-7-to-2029\/\" rel=\"nofollow noopener\" target=\"_blank\">JPR<\/a>. Ett st\u00f6rre produktutbud och fortsatt finslipning av mjukvara och drivrutiner skulle f\u00f6rmodligen underl\u00e4tta f\u00f6r f\u00f6retaget n\u00e4r det kommer till att f\u00e5 ett st\u00f6rre fotf\u00e4ste p\u00e5 marknaden.<\/p>\n<p>Vi f\u00e5r helt enkelt v\u00e4nta och se om Intel faktiskt har ett nytt grafikkort f\u00f6r \u00e4nnu ett marknadssegment p\u00e5 ing\u00e5ng. CES 2026 kommer som tidigare n\u00e4mnt h\u00e5llas i b\u00f6rjan av januari m\u00e5nad och brukar vara ett ypperligt tillf\u00e4lle f\u00f6r de flesta tillverkare att visa upp nya produkter. I skrivande stund vet vi dock inte om Arc B770 kommer vara en del av Intels presentation vid m\u00e4ssan.<\/p>\n","protected":false},"excerpt":{"rendered":"Intel Arc Battlemage BMG-G31 \u00e4r en GPU som l\u00e4nge cirkulerat i rykten. Nu har den officiellt n\u00e4mnts i&hellip;\n","protected":false},"author":2,"featured_media":100663,"comment_status":"","ping_status":"","sticky":false,"template":"","format":"standard","meta":{"footnotes":""},"categories":[66],"tags":[80,78,79,34,31,33,32,30,81,84,83,82],"class_list":{"0":"post-100662","1":"post","2":"type-post","3":"status-publish","4":"format-standard","5":"has-post-thumbnail","7":"category-vetenskap-och-teknik","8":"tag-science","9":"tag-science-and-technology","10":"tag-scienceandtechnology","11":"tag-se","12":"tag-svenska","13":"tag-sverige","14":"tag-sweden","15":"tag-swedish","16":"tag-technology","17":"tag-teknik","18":"tag-vetenskap","19":"tag-vetenskapteknik"},"share_on_mastodon":{"url":"https:\/\/pubeurope.com\/@se\/115686593382305552","error":""},"_links":{"self":[{"href":"https:\/\/www.europesays.com\/se\/wp-json\/wp\/v2\/posts\/100662","targetHints":{"allow":["GET"]}}],"collection":[{"href":"https:\/\/www.europesays.com\/se\/wp-json\/wp\/v2\/posts"}],"about":[{"href":"https:\/\/www.europesays.com\/se\/wp-json\/wp\/v2\/types\/post"}],"author":[{"embeddable":true,"href":"https:\/\/www.europesays.com\/se\/wp-json\/wp\/v2\/users\/2"}],"replies":[{"embeddable":true,"href":"https:\/\/www.europesays.com\/se\/wp-json\/wp\/v2\/comments?post=100662"}],"version-history":[{"count":0,"href":"https:\/\/www.europesays.com\/se\/wp-json\/wp\/v2\/posts\/100662\/revisions"}],"wp:featuredmedia":[{"embeddable":true,"href":"https:\/\/www.europesays.com\/se\/wp-json\/wp\/v2\/media\/100663"}],"wp:attachment":[{"href":"https:\/\/www.europesays.com\/se\/wp-json\/wp\/v2\/media?parent=100662"}],"wp:term":[{"taxonomy":"category","embeddable":true,"href":"https:\/\/www.europesays.com\/se\/wp-json\/wp\/v2\/categories?post=100662"},{"taxonomy":"post_tag","embeddable":true,"href":"https:\/\/www.europesays.com\/se\/wp-json\/wp\/v2\/tags?post=100662"}],"curies":[{"name":"wp","href":"https:\/\/api.w.org\/{rel}","templated":true}]}}