{"id":100688,"date":"2025-12-09T01:34:07","date_gmt":"2025-12-09T01:34:07","guid":{"rendered":"https:\/\/www.europesays.com\/se\/100688\/"},"modified":"2025-12-09T01:34:07","modified_gmt":"2025-12-09T01:34:07","slug":"israeliska-attacker-mot-hizbollah-i-libanon","status":"publish","type":"post","link":"https:\/\/www.europesays.com\/se\/100688\/","title":{"rendered":"Israeliska attacker mot Hizbollah i Libanon"},"content":{"rendered":"<p class=\"boxtextgrotesk-root_baa6 hyperion-css-7pajle\">Uppdaterad 00.16 | Publicerad 00.05<\/p>\n<p>share-arrowDela<\/p>\n<p>unsaveSpara<\/p>\n<p class=\"hyperion-css-1shl3oz\" data-test-tag=\"lead-text\">Israel har sent p\u00e5 m\u00e5ndagskv\u00e4llen genomf\u00f6rt luftattacker mot islamistr\u00f6relsen Hizbollah i s\u00f6dra Libanon, rapporterar israeliska medier.<\/p>\n<p class=\"hyperion-css-1v9qo5x\">Den israeliska milit\u00e4ren uppger att attackerna bland annat riktats mot en av Hizbollahs tr\u00e4ningsanl\u00e4ggningar f\u00f6r specialstyrkor.<\/p>\n<p class=\"hyperion-css-1v9qo5x\">\u00c4ven raketramper och flera byggnader har tr\u00e4ffats i attackerna, rapporterar The Times of Israel.<\/p>\n","protected":false},"excerpt":{"rendered":"Uppdaterad 00.16 | Publicerad 00.05 share-arrowDela unsaveSpara Israel har sent p\u00e5 m\u00e5ndagskv\u00e4llen genomf\u00f6rt luftattacker mot islamistr\u00f6relsen Hizbollah i&hellip;\n","protected":false},"author":2,"featured_media":465,"comment_status":"","ping_status":"","sticky":false,"template":"","format":"standard","meta":{"footnotes":""},"categories":[14],"tags":[22,23,26,27,17,21,24,25,28,29,15,16,18,34,31,33,32,30,19,20,51,52,53,54],"class_list":{"0":"post-100688","1":"post","2":"type-post","3":"status-publish","4":"format-standard","5":"has-post-thumbnail","7":"category-varlden","8":"tag-breaking-news","9":"tag-breakingnews","10":"tag-featured-news","11":"tag-featurednews","12":"tag-headlines","13":"tag-huvudnyheter","14":"tag-latest-news","15":"tag-latestnews","16":"tag-main-news","17":"tag-mainnews","18":"tag-news","19":"tag-nyheter","20":"tag-rubriker","21":"tag-se","22":"tag-svenska","23":"tag-sverige","24":"tag-sweden","25":"tag-swedish","26":"tag-top-stories","27":"tag-topstories","28":"tag-varlden","29":"tag-world","30":"tag-world-news","31":"tag-worldnews"},"share_on_mastodon":{"url":"https:\/\/pubeurope.com\/@se\/115687041508391768","error":""},"_links":{"self":[{"href":"https:\/\/www.europesays.com\/se\/wp-json\/wp\/v2\/posts\/100688","targetHints":{"allow":["GET"]}}],"collection":[{"href":"https:\/\/www.europesays.com\/se\/wp-json\/wp\/v2\/posts"}],"about":[{"href":"https:\/\/www.europesays.com\/se\/wp-json\/wp\/v2\/types\/post"}],"author":[{"embeddable":true,"href":"https:\/\/www.europesays.com\/se\/wp-json\/wp\/v2\/users\/2"}],"replies":[{"embeddable":true,"href":"https:\/\/www.europesays.com\/se\/wp-json\/wp\/v2\/comments?post=100688"}],"version-history":[{"count":0,"href":"https:\/\/www.europesays.com\/se\/wp-json\/wp\/v2\/posts\/100688\/revisions"}],"wp:featuredmedia":[{"embeddable":true,"href":"https:\/\/www.europesays.com\/se\/wp-json\/wp\/v2\/media\/465"}],"wp:attachment":[{"href":"https:\/\/www.europesays.com\/se\/wp-json\/wp\/v2\/media?parent=100688"}],"wp:term":[{"taxonomy":"category","embeddable":true,"href":"https:\/\/www.europesays.com\/se\/wp-json\/wp\/v2\/categories?post=100688"},{"taxonomy":"post_tag","embeddable":true,"href":"https:\/\/www.europesays.com\/se\/wp-json\/wp\/v2\/tags?post=100688"}],"curies":[{"name":"wp","href":"https:\/\/api.w.org\/{rel}","templated":true}]}}