{"id":100691,"date":"2025-12-09T01:44:21","date_gmt":"2025-12-09T01:44:21","guid":{"rendered":"https:\/\/www.europesays.com\/se\/100691\/"},"modified":"2025-12-09T01:44:21","modified_gmt":"2025-12-09T01:44:21","slug":"regionpolitiker-kraver-svar-efter-ryhovchefs-uttalanden-jonkopings-posten","status":"publish","type":"post","link":"https:\/\/www.europesays.com\/se\/100691\/","title":{"rendered":"Regionpolitiker kr\u00e4ver svar efter Ryhovchefs uttalanden \u2013 J\u00f6nk\u00f6pings-Posten"},"content":{"rendered":"<p>N\u00e4r sjukv\u00e5rdsdirekt\u00f6r Agneta St\u00e5hl september tillfr\u00e5gades om hon k\u00e4nde till varningssignalerna runt barnhj\u00e4rtl\u00e4karen innan den stora granskningen inleddes 2024 f\u00f6rnekade hon det ett flertal g\u00e5nger.<\/p>\n<p>Men enligt P4 J\u00f6nk\u00f6ping hade hon m\u00f6ten med klinikchefen cirka sju \u00e5r tidigare.<\/p>\n<p>Nu kr\u00e4ver regionr\u00e5d Jimmy Ekstr\u00f6m att regionstyrelsen g\u00e5r till botten med vad som verkligen h\u00e4nt.<\/p>\n<p><img loading=\"lazy\" decoding=\"async\" width=\"980\" height=\"551\" class=\"article-image article-image--featured\" alt=\"Agneta St\u00e5hl, sjukv\u00e5rdsdirekt\u00f6r medicinsk v\u00e5rd under presskonferensen i slutet av september i \u00e5r. D\u00e5 ber\u00e4ttade hon att hon inte visste n\u00e5got om varningssignaler kring barnhj\u00e4rtl\u00e4karen f\u00f6re v\u00e5ren 2024 \" src=\"https:\/\/www.europesays.com\/se\/wp-content\/uploads\/2025\/12\/b3729ad6-b9aa-45d1-87d9-a82013d828be.jpg\"  \/><a class=\"article__lightbox-link\" href=\"https:\/\/static.bonniernews.se\/ba\/b3729ad6-b9aa-45d1-87d9-a82013d828be.jpg?crop=3612%2C2032%2Cx0%2Cy290&amp;width=1400&amp;format=pjpg&amp;auto=avif\" data-pswp-width=\"1400\" data-pswp-height=\"788\" data-pswp-caption=\"Agneta St\u00e5hl, sjukv\u00e5rdsdirekt\u00f6r medicinsk v\u00e5rd under presskonferensen i slutet av september i \u00e5r. D\u00e5 ber\u00e4ttade hon att hon inte visste n\u00e5got om varningssignaler kring barnhj\u00e4rtl\u00e4karen f\u00f6re v\u00e5ren 2024  Bild: P\u00e4r Gr\u00e4nn\u00f6\" data-pswp- rel=\"nofollow noopener\" target=\"_blank\">\u00d6ppna bild i helsk\u00e4rmsl\u00e4ge<\/a><\/p>\n<p class=\"txt-style-muted\" aria-hidden=\"true\">Agneta St\u00e5hl, sjukv\u00e5rdsdirekt\u00f6r medicinsk v\u00e5rd under presskonferensen i slutet av september i \u00e5r. D\u00e5 ber\u00e4ttade hon att hon inte visste n\u00e5got om varningssignaler kring barnhj\u00e4rtl\u00e4karen f\u00f6re v\u00e5ren 2024 <\/p>\n<p class=\"article__figcaption-attribution txt-style-muted\">Bild: P\u00e4r Gr\u00e4nn\u00f6<\/p>\n<p>I slutet av september avsl\u00f6jades att sjukhusledningen p\u00e5 Ryhov i drygt ett och ett halvt \u00e5r utrett hundratals fall av misst\u00e4nkta feldiagnosticeringar av hj\u00e4rtsjuka barn. I flera av fallen har det redan klarlagts att barnen friskf\u00f6rklarats felaktigt.<\/p>\n<p>I dagsl\u00e4get har regionen gjort flera anm\u00e4lningar till IVO, bland annat en individanm\u00e4lan mot barnhj\u00e4rtl\u00e4karen d\u00e4r hans omd\u00f6me och agerande kraftfullt ifr\u00e5gas\u00e4tts.<\/p>\n<p>Samtidigt kommer det via anm\u00e4lan fram <a class=\"article__content-link\" href=\"https:\/\/www.jp.se\/artikel\/tio-ar-av-varningssignaler-ledningen-avstod-ifran-att-agera\/\" rel=\"nofollow noopener\" target=\"_blank\">en rad omst\u00e4ndigheter som pekar mot felgrepp och underl\u00e5tenhet att agera fr\u00e5n sjukv\u00e5rdens sida<\/a>.<\/p>\n<p>Vid regionens f\u00f6rsta presskonferens i slutet av september fick sjukv\u00e5rdsdirekt\u00f6r Agneta St\u00e5hl fr\u00e5gan om hon inte informerats om varningssignalerna kring barnhj\u00e4rtl\u00e4karen tidigare \u00e4n v\u00e5ren 2024. <\/p>\n<p aria-disabled=\"true\" class=\"ad__preamble ad-text txt-style-muted txt-ui txt-ui--strong txt-ui-2\">Annons<\/p>\n<p aria-disabled=\"true\" class=\"ad__preamble ad-text txt-style-muted txt-ui txt-ui--strong txt-ui-2\">Annons<\/p>\n<p>\u2013 N\u00e4, inte s\u00e5 som jag kan minnas, svarar hon P4 J\u00f6nk\u00f6pings reporter.<\/p>\n<p>Agneta St\u00e5hl fick fr\u00e5gan formulerade p\u00e5 liknande s\u00e4tt ytterligare fyra g\u00e5nger, om hon inte redan n\u00e4r l\u00e4karen var anst\u00e4lld p\u00e5 Ryhov fick vetskap om att allt inte stod r\u00e4tt till. Men hon stod fast vid att det var f\u00f6rst n\u00e4r granskningarna inleddes v\u00e5ren 2024 som hon blev involverad och informerad om l\u00e4karen.<\/p>\n<p><a class=\"article__content-link\" href=\"https:\/\/www.sverigesradio.se\/artikel\/har-ljuger-sjukvardsdirektoren-om-sin-roll-i-vardskandalen-fem-ganger\" rel=\"nofollow noopener\" target=\"_blank\">Det st\u00e4mmer inte, enligt uppgifter som P4 J\u00f6nk\u00f6ping s\u00e4ger sig ha f\u00e5tt fram<\/a>. Man g\u00f6r g\u00e4llande att Agneta St\u00e5hl hade m\u00f6ten med d\u00e5varande klinikchefen och diskuterade larmen om barnhj\u00e4rtl\u00e4karen redan 2017 och 2018, allts\u00e5 sju \u00e5r tidigare \u00e4n hon uppgav under presskonferensen i september i \u00e5r.<\/p>\n<p>Via mejl till radion medger hon nu att hon vetat mer om l\u00e4karen \u00e4n hon sa under presskonferensen, men hon h\u00e4vdar att hon vid det tillf\u00e4llet tolkade att fr\u00e5gorna ist\u00e4llet g\u00e4llde de felaktigt friskf\u00f6rklarade barnen. <\/p>\n<p><img decoding=\"async\" width=\"640\" height=\"612\" class=\"article-image article-image--unbound\" alt=\"Regionr\u00e5d Jimmy Ekstr\u00f6m (L) vill f\u00e5 utrett vad sjukv\u00e5rdsdirekt\u00f6r Agneta St\u00e5hl k\u00e4nt till kring barnhj\u00e4rtl\u00e4karen, och n\u00e4r.\" src=\"https:\/\/www.europesays.com\/se\/wp-content\/uploads\/2025\/12\/f4c1d460-c32f-4f18-991a-ccbb0de321c3.jpeg\"   loading=\"lazy\"\/><a class=\"article__lightbox-link\" href=\"https:\/\/static.bonniernews.se\/ba\/f4c1d460-c32f-4f18-991a-ccbb0de321c3.jpeg?width=1400&amp;format=pjpg&amp;auto=avif\" data-pswp-width=\"1400\" data-pswp-height=\"1339\" data-pswp-caption=\"Regionr\u00e5d Jimmy Ekstr\u00f6m (L) vill f\u00e5 utrett vad sjukv\u00e5rdsdirekt\u00f6r Agneta St\u00e5hl k\u00e4nt till kring barnhj\u00e4rtl\u00e4karen, och n\u00e4r. Bild: Bodil Molin\" data-pswp- rel=\"nofollow noopener\" target=\"_blank\">\u00d6ppna bild i helsk\u00e4rmsl\u00e4ge<\/a><\/p>\n<p class=\"txt-style-muted\" aria-hidden=\"true\">Regionr\u00e5d Jimmy Ekstr\u00f6m (L) vill f\u00e5 utrett vad sjukv\u00e5rdsdirekt\u00f6r Agneta St\u00e5hl k\u00e4nt till kring barnhj\u00e4rtl\u00e4karen, och n\u00e4r.<\/p>\n<p class=\"article__figcaption-attribution txt-style-muted\">Bild: Bodil Molin<\/p>\n<p>Rapporteringen f\u00e5r nu Liberalerna, genom regionr\u00e5det Jimmy Ekstr\u00f6m (L), att agera. Under m\u00e5ndagen skickade han in ett initiativ\u00e4rende till regionstyrelsen.<\/p>\n<blockquote class=\"article__blockquote\">\n<p class=\"article__blockquote-text txt-headline txt-headline-3\">Det \u00e4r ju olyckligt i alla l\u00e4gen<\/p>\n<\/blockquote>\n<p aria-disabled=\"true\" class=\"ad__preamble ad-text txt-style-muted txt-ui txt-ui--strong txt-ui-2\">Annons<\/p>\n<p>Liberalerna vill att regionstyrelsen grundligt och i s\u00e4rskild ordning informeras om Agneta St\u00e5hl f\u00e5tt information om barnhj\u00e4rtl\u00e4karen tidigare \u00e4n hon tidigare sagt.<\/p>\n<p aria-disabled=\"true\" class=\"ad__preamble ad-text txt-style-muted txt-ui txt-ui--strong txt-ui-2\">Annons<\/p>\n<p><strong>Anser du att sjukhusledningen brustit i informationshanteringen gentemot regionstyrelsen?<\/strong><\/p>\n<p>\u2013 Man kan ju konstatera att om man lyssnar till de uppgifterna man f\u00e5r via media, s\u00e5 f\u00e5r man ju inte en klar bild kring sj\u00e4lva fr\u00e5gan. Och det \u00e4r ju olyckligt i alla l\u00e4gen, s\u00e4ger Jimmy Ekstr\u00f6m till JP.<\/p>\n<p>Han vill f\u00e5 utrett om det handlar om f\u00f6rv\u00e4xlingar eller missf\u00f6rst\u00e5nd i kommunikationen eller om det faktiskt \u00e4r s\u00e5 att de uppgifter som l\u00e4mnats ut inte st\u00e4mmer \u00f6verens med vad som faktiskt h\u00e4nt.<\/p>\n<p>Han f\u00f6rv\u00e4ntar sig att fr\u00e5gan, om inget nytt framkommer, tas upp p\u00e5 n\u00e4sta sammantr\u00e4de i regionsstyrelsen den 16 december.<\/p>\n<p>\u2013 D\u00e5 kan initiativet antingen avskrivas, eller s\u00e5 tar man det till sig och s\u00e5 agerar man p\u00e5 initiativet i styrelsen, s\u00e4ger han.<\/p>\n<p><strong>Vad ser du som det mest allvarliga kring hanteringen av de hj\u00e4rtsjuka barnen?<\/strong><\/p>\n<p>\u2013 V\u00e5rden och regionen \u00e4r beroende av att det finns ett stort f\u00f6rtroende och en tillit till verksamheten. Det handlar om hur den faktiskt bedrivs, men ocks\u00e5 v\u00e4ldigt mycket om kommunikation och information. Och den ska alltid vara f\u00f6rtroendeingivande och korrekt.<\/p>\n<p><strong>Fotnot<\/strong>: JP s\u00f6ker sjukv\u00e5rdsdirekt\u00f6r Agneta St\u00e5hl f\u00f6r en kommentar.<\/p>\n<p class=\"lcl-resource__placeholder-text\">Inb\u00e4ddat inneh\u00e5ll<\/p>\n<p>\u00c4ndra inst\u00e4llningar<\/p>\n","protected":false},"excerpt":{"rendered":"N\u00e4r sjukv\u00e5rdsdirekt\u00f6r Agneta St\u00e5hl september tillfr\u00e5gades om hon k\u00e4nde till varningssignalerna runt barnhj\u00e4rtl\u00e4karen innan den stora granskningen inleddes&hellip;\n","protected":false},"author":2,"featured_media":100692,"comment_status":"","ping_status":"","sticky":false,"template":"","format":"standard","meta":{"footnotes":""},"categories":[5],"tags":[22,23,26,27,17,21,24,25,28,29,15,16,18,34,31,33,32,30,19,20],"class_list":{"0":"post-100691","1":"post","2":"type-post","3":"status-publish","4":"format-standard","5":"has-post-thumbnail","7":"category-rubriker","8":"tag-breaking-news","9":"tag-breakingnews","10":"tag-featured-news","11":"tag-featurednews","12":"tag-headlines","13":"tag-huvudnyheter","14":"tag-latest-news","15":"tag-latestnews","16":"tag-main-news","17":"tag-mainnews","18":"tag-news","19":"tag-nyheter","20":"tag-rubriker","21":"tag-se","22":"tag-svenska","23":"tag-sverige","24":"tag-sweden","25":"tag-swedish","26":"tag-top-stories","27":"tag-topstories"},"share_on_mastodon":{"url":"https:\/\/pubeurope.com\/@se\/115687080970674236","error":""},"_links":{"self":[{"href":"https:\/\/www.europesays.com\/se\/wp-json\/wp\/v2\/posts\/100691","targetHints":{"allow":["GET"]}}],"collection":[{"href":"https:\/\/www.europesays.com\/se\/wp-json\/wp\/v2\/posts"}],"about":[{"href":"https:\/\/www.europesays.com\/se\/wp-json\/wp\/v2\/types\/post"}],"author":[{"embeddable":true,"href":"https:\/\/www.europesays.com\/se\/wp-json\/wp\/v2\/users\/2"}],"replies":[{"embeddable":true,"href":"https:\/\/www.europesays.com\/se\/wp-json\/wp\/v2\/comments?post=100691"}],"version-history":[{"count":0,"href":"https:\/\/www.europesays.com\/se\/wp-json\/wp\/v2\/posts\/100691\/revisions"}],"wp:featuredmedia":[{"embeddable":true,"href":"https:\/\/www.europesays.com\/se\/wp-json\/wp\/v2\/media\/100692"}],"wp:attachment":[{"href":"https:\/\/www.europesays.com\/se\/wp-json\/wp\/v2\/media?parent=100691"}],"wp:term":[{"taxonomy":"category","embeddable":true,"href":"https:\/\/www.europesays.com\/se\/wp-json\/wp\/v2\/categories?post=100691"},{"taxonomy":"post_tag","embeddable":true,"href":"https:\/\/www.europesays.com\/se\/wp-json\/wp\/v2\/tags?post=100691"}],"curies":[{"name":"wp","href":"https:\/\/api.w.org\/{rel}","templated":true}]}}