{"id":100695,"date":"2025-12-09T02:48:16","date_gmt":"2025-12-09T02:48:16","guid":{"rendered":"https:\/\/www.europesays.com\/se\/100695\/"},"modified":"2025-12-09T02:48:16","modified_gmt":"2025-12-09T02:48:16","slug":"hoppet-spirar-ett-ar-efter-assads-fall-syrien-pa-ratt-vag-enligt-mr-aktivist","status":"publish","type":"post","link":"https:\/\/www.europesays.com\/se\/100695\/","title":{"rendered":"Hoppet spirar ett \u00e5r efter Assads fall. Syrien p\u00e5 r\u00e4tt v\u00e4g, enligt MR-aktivist."},"content":{"rendered":"<p>F\u00f6r ett \u00e5r sedan, den 8 december 2024, spreds jublet som en l\u00f6peld genom Syrien och den syriska diasporan. I Stockholm, London, Berlin och Homs kramades m\u00e4nniskor, gr\u00e4t, dansade. Bashar al-Assads regim hade fallit \u2013 n\u00e5got m\u00e5nga sedan l\u00e4nge slutat tro var m\u00f6jligt.<\/p>\n<p>En av dem som fortfarande har sv\u00e5rt att f\u00f6rst\u00e5 det \u00e4r Sana Kikhia. Hon \u00e4r m\u00e4nniskor\u00e4ttsaktivist och sedan 2021 chef f\u00f6r Syrian Legal Development Programme,<a href=\"https:\/\/sldp.ngo\/en\/\" target=\"_blank\" rel=\"noopener noreferrer nofollow\"> SLDP<\/a>. Hon kommer fr\u00e5n Homs, l\u00e4mnade Syrien 2015 och bor i\u00a0dag i London.<\/p>\n","protected":false},"excerpt":{"rendered":"F\u00f6r ett \u00e5r sedan, den 8 december 2024, spreds jublet som en l\u00f6peld genom Syrien och den syriska&hellip;\n","protected":false},"author":2,"featured_media":100696,"comment_status":"","ping_status":"","sticky":false,"template":"","format":"standard","meta":{"footnotes":""},"categories":[5],"tags":[22,23,26,27,17,21,24,25,28,29,15,16,18,34,31,33,32,30,19,20],"class_list":{"0":"post-100695","1":"post","2":"type-post","3":"status-publish","4":"format-standard","5":"has-post-thumbnail","7":"category-rubriker","8":"tag-breaking-news","9":"tag-breakingnews","10":"tag-featured-news","11":"tag-featurednews","12":"tag-headlines","13":"tag-huvudnyheter","14":"tag-latest-news","15":"tag-latestnews","16":"tag-main-news","17":"tag-mainnews","18":"tag-news","19":"tag-nyheter","20":"tag-rubriker","21":"tag-se","22":"tag-svenska","23":"tag-sverige","24":"tag-sweden","25":"tag-swedish","26":"tag-top-stories","27":"tag-topstories"},"share_on_mastodon":{"url":"https:\/\/pubeurope.com\/@se\/115687332447269472","error":""},"_links":{"self":[{"href":"https:\/\/www.europesays.com\/se\/wp-json\/wp\/v2\/posts\/100695","targetHints":{"allow":["GET"]}}],"collection":[{"href":"https:\/\/www.europesays.com\/se\/wp-json\/wp\/v2\/posts"}],"about":[{"href":"https:\/\/www.europesays.com\/se\/wp-json\/wp\/v2\/types\/post"}],"author":[{"embeddable":true,"href":"https:\/\/www.europesays.com\/se\/wp-json\/wp\/v2\/users\/2"}],"replies":[{"embeddable":true,"href":"https:\/\/www.europesays.com\/se\/wp-json\/wp\/v2\/comments?post=100695"}],"version-history":[{"count":0,"href":"https:\/\/www.europesays.com\/se\/wp-json\/wp\/v2\/posts\/100695\/revisions"}],"wp:featuredmedia":[{"embeddable":true,"href":"https:\/\/www.europesays.com\/se\/wp-json\/wp\/v2\/media\/100696"}],"wp:attachment":[{"href":"https:\/\/www.europesays.com\/se\/wp-json\/wp\/v2\/media?parent=100695"}],"wp:term":[{"taxonomy":"category","embeddable":true,"href":"https:\/\/www.europesays.com\/se\/wp-json\/wp\/v2\/categories?post=100695"},{"taxonomy":"post_tag","embeddable":true,"href":"https:\/\/www.europesays.com\/se\/wp-json\/wp\/v2\/tags?post=100695"}],"curies":[{"name":"wp","href":"https:\/\/api.w.org\/{rel}","templated":true}]}}