{"id":100701,"date":"2025-12-09T03:12:23","date_gmt":"2025-12-09T03:12:23","guid":{"rendered":"https:\/\/www.europesays.com\/se\/100701\/"},"modified":"2025-12-09T03:12:23","modified_gmt":"2025-12-09T03:12:23","slug":"man-anhallen-for-fyra-mordforsok-kande-offren","status":"publish","type":"post","link":"https:\/\/www.europesays.com\/se\/100701\/","title":{"rendered":"Man anh\u00e5llen f\u00f6r fyra mordf\u00f6rs\u00f6k k\u00e4nde offren"},"content":{"rendered":"<p class=\"boxtextgrotesk-root_baa6 hyperion-css-7pajle\">Publicerad 2025-12-08 18.41<\/p>\n<p>share-arrowDela<\/p>\n<p>unsaveSpara<\/p>\n<p>expand-left<\/p>\n<p>helsk\u00e4rm<img decoding=\"async\" class=\"image-asset hyperion-css-u06ts1\" data-test-tag=\"image-asset\" src=\"https:\/\/www.europesays.com\/se\/wp-content\/uploads\/2025\/12\/8a4c6a72-94c1-42ad-9cf2-8f73254de0f5\"  alt=\"En man misst\u00e4nks f\u00f6r mordf\u00f6rs\u00f6k. Arkivibild.\"  loading=\"eager\" fetchpriority=\"high\" style=\"aspect-ratio:1900 \/ 1267\"\/>En man misst\u00e4nks f\u00f6r mordf\u00f6rs\u00f6k. Arkivibild. Foto: Pontus Lundahl\/TT<\/p>\n<p class=\"hyperion-css-1shl3oz\" data-test-tag=\"lead-text\">En man i 30-\u00e5rs\u00e5ldern \u00e4r anh\u00e5llen misst\u00e4nkt f\u00f6r fyra mordf\u00f6rs\u00f6k efter helgens v\u00e5ldsd\u00e5d i Boden.<\/p>\n<p class=\"hyperion-css-1shl3oz\" data-test-tag=\"lead-text\">\u2013 Det \u00e4r en isolerad h\u00e4ndelse och personerna \u00e4r k\u00e4nda f\u00f6r varandra, s\u00e4ger \u00e5klagere Kristin Andersson.<\/p>\n<p class=\"hyperion-css-1v9qo5x\">Tv\u00e5 personer f\u00f6rdes till sjukhus p\u00e5 l\u00f6rdagskv\u00e4llen efter att ha blivit utsatta f\u00f6r v\u00e5ld p\u00e5 ett personalboende i Boden, och p\u00e5 s\u00f6ndagen kom uppgifter om att ytterligare tv\u00e5 skadats.<\/p>\n<p class=\"hyperion-css-1v9qo5x\">Enligt \u00e5klageren \u00e4r l\u00e4get stabilt f\u00f6r samtliga.<\/p>\n<p class=\"hyperion-css-1v9qo5x\">Polisen genomf\u00f6r just nu f\u00f6rh\u00f6r. Beslut om h\u00e4ktning m\u00e5ste fattas senast p\u00e5 onsdag.<\/p>\n","protected":false},"excerpt":{"rendered":"Publicerad 2025-12-08 18.41 share-arrowDela unsaveSpara expand-left helsk\u00e4rmEn man misst\u00e4nks f\u00f6r mordf\u00f6rs\u00f6k. Arkivibild. Foto: Pontus Lundahl\/TT En man i&hellip;\n","protected":false},"author":2,"featured_media":100702,"comment_status":"","ping_status":"","sticky":false,"template":"","format":"standard","meta":{"footnotes":""},"categories":[5],"tags":[22,23,26,27,17,21,24,25,28,29,15,16,18,34,31,33,32,30,19,20],"class_list":{"0":"post-100701","1":"post","2":"type-post","3":"status-publish","4":"format-standard","5":"has-post-thumbnail","7":"category-rubriker","8":"tag-breaking-news","9":"tag-breakingnews","10":"tag-featured-news","11":"tag-featurednews","12":"tag-headlines","13":"tag-huvudnyheter","14":"tag-latest-news","15":"tag-latestnews","16":"tag-main-news","17":"tag-mainnews","18":"tag-news","19":"tag-nyheter","20":"tag-rubriker","21":"tag-se","22":"tag-svenska","23":"tag-sverige","24":"tag-sweden","25":"tag-swedish","26":"tag-top-stories","27":"tag-topstories"},"share_on_mastodon":{"url":"https:\/\/pubeurope.com\/@se\/115687426989954178","error":""},"_links":{"self":[{"href":"https:\/\/www.europesays.com\/se\/wp-json\/wp\/v2\/posts\/100701","targetHints":{"allow":["GET"]}}],"collection":[{"href":"https:\/\/www.europesays.com\/se\/wp-json\/wp\/v2\/posts"}],"about":[{"href":"https:\/\/www.europesays.com\/se\/wp-json\/wp\/v2\/types\/post"}],"author":[{"embeddable":true,"href":"https:\/\/www.europesays.com\/se\/wp-json\/wp\/v2\/users\/2"}],"replies":[{"embeddable":true,"href":"https:\/\/www.europesays.com\/se\/wp-json\/wp\/v2\/comments?post=100701"}],"version-history":[{"count":0,"href":"https:\/\/www.europesays.com\/se\/wp-json\/wp\/v2\/posts\/100701\/revisions"}],"wp:featuredmedia":[{"embeddable":true,"href":"https:\/\/www.europesays.com\/se\/wp-json\/wp\/v2\/media\/100702"}],"wp:attachment":[{"href":"https:\/\/www.europesays.com\/se\/wp-json\/wp\/v2\/media?parent=100701"}],"wp:term":[{"taxonomy":"category","embeddable":true,"href":"https:\/\/www.europesays.com\/se\/wp-json\/wp\/v2\/categories?post=100701"},{"taxonomy":"post_tag","embeddable":true,"href":"https:\/\/www.europesays.com\/se\/wp-json\/wp\/v2\/tags?post=100701"}],"curies":[{"name":"wp","href":"https:\/\/api.w.org\/{rel}","templated":true}]}}