{"id":100774,"date":"2025-12-09T06:48:10","date_gmt":"2025-12-09T06:48:10","guid":{"rendered":"https:\/\/www.europesays.com\/se\/100774\/"},"modified":"2025-12-09T06:48:10","modified_gmt":"2025-12-09T06:48:10","slug":"carl-rohlen-ar-byggelements-nya-projektchef","status":"publish","type":"post","link":"https:\/\/www.europesays.com\/se\/100774\/","title":{"rendered":"Carl Rohl\u00e9n \u00e4r Byggelements nya projektchef"},"content":{"rendered":"<p>&#13;<br \/>\n                        &#13;<br \/>\n&#13;<\/p>\n<p>                                    <img decoding=\"async\" src=\"https:\/\/www.europesays.com\/se\/wp-content\/uploads\/2025\/12\/bfa3cc6ef973d349_800x800ar.jpg\"\/><br \/>\n                                &#13;<br \/>\n&#13;<\/p>\n<p><strong>Efter m\u00e5nga \u00e5r i\u00a0prefabbranschen\u00a0kliver Carl Rohl\u00e9n nu in som ny projektchef p\u00e5 Byggelement i region V\u00e4st. Han har erfarenhet av b\u00e5de projektledning och f\u00f6rs\u00e4ljning och ser sin nya roll som en m\u00f6jlighet att utveckla b\u00e5de kundrelationer och f\u00f6retagets position p\u00e5 marknaden.\u00a0<\/strong><\/p>\n<p><strong>\u2013 Byggelement \u00e4r ett bolag d\u00e4r regioner och funktioner jobbar tillsammans och drar \u00e5t samma h\u00e5ll, s\u00e4ger Carl Rohl\u00e9n. Jag ser fram emot att bli en del av det, l\u00e4ra k\u00e4nna kollegorna och komma in i kulturen.\u00a0<\/strong><\/p>\n<p>&#13;<\/p>\n<p style=\"margin-top:12px;\">Carl Rohl\u00e9n har en l\u00e5ng och bred erfarenhet fr\u00e5n\u00a0prefabbranschen, d\u00e4r han har jobbat med allt fr\u00e5n st\u00e5lkonstruktioner till formsystem. Han har en bakgrund inom b\u00e5de svenska och danska bolag, med roller som ofta inneburit ansvar f\u00f6r komplexa projekt och n\u00e4ra kunddialoger. Kombinationen av f\u00f6rst\u00e5else f\u00f6r b\u00e5de teknik och aff\u00e4r har pr\u00e4glat hans yrkesliv \u2013 och \u00e4r n\u00e5got han nu tar med sig in i rollen som projektchef p\u00e5 Byggelement.\u00a0<\/p>\n<p>\u2013 Jag har f\u00e5tt jobba med\u00a0prefab\u00a0i m\u00e5nga olika led och har l\u00e4rt mig branschen genom flera perspektiv, s\u00e4ger han. Jag tror att den bredden ger mig en bra grund f\u00f6r att kunna bidra i projekten, men \u00e4ven f\u00f6r att st\u00f6tta b\u00e5de kunder och kollegor.\u00a0<\/p>\n<p>Det var kombinationen av utmaning och utveckling som gjorde rollen lockande. Carl Rohl\u00e9ns uppdrag inneb\u00e4r att st\u00e4rka Byggelements position i v\u00e4stra Sverige. Samtidigt ser han fram emot att vara en del av det\u00a0ambiti\u00f6sa\u00a0arbete som sker inom f\u00f6retaget, med satsningar p\u00e5 fabriker, automation och\u00a0en\u00a0st\u00e4ndig utveckling\u00a0av nya produkter.\u00a0<\/p>\n<p>\u2013 Byggelement \u00e4r inne i en stark utvecklingsfas. Det tilltalar\u00a0mig och\u00a0\u00e4r\u00a0en stor anledning till att jag tackat\u00a0ja till den h\u00e4r rollen. Sedan gillar jag blandningen av att f\u00e5 jobba med att bygga relationer, f\u00f6rhandla, etablera sig och driva f\u00f6rs\u00e4ljning fr\u00e5n grunden.\u00a0<\/p>\n<p>Under sin f\u00f6rsta tid\u00a0i bolaget\u00a0har Carl Rohl\u00e9n hunnit bes\u00f6ka samtliga av Byggelements fabriker.\u00a0<\/p>\n<p>\u2013 Jag har f\u00e5tt ett fantastiskt mottagande. Det har varit otroligt v\u00e4rdefullt att f\u00e5 en djupare f\u00f6rst\u00e5else f\u00f6r verksamheten, men ocks\u00e5 att tr\u00e4ffa alla kollegor. Jag har f\u00e5tt uppfattningen att det \u00e4r ett jordn\u00e4ra team och jag har k\u00e4nt mig som hemma redan fr\u00e5n f\u00f6rsta dagen.\u00a0<\/p>\n<p>&#13;<br \/>\n&#13;<br \/>\n&#13;<\/p>\n<p>F\u00f6r mer information, kontakta Linus Dun\u00e9r Axelsson, pressansvarig Byggelement p\u00e5 <a href=\"https:\/\/news.cision.com\/se\/byggelement\/r\/mailto:linus.axelsson@peab.se\" rel=\"nofollow noopener\" target=\"_blank\">linus.axelsson@peab.se<\/a> eller 073-8485679.<\/p>\n<p>&#13;<\/p>\n<p>Byggelement\u00a0startades 2003 och\u00a0\u00e4r en av Sveriges ledande leverant\u00f6rer av kompletta stomsystem och prefabricerade element i betong. Bolaget producerar och levererar projektanpassade stommar och element direkt till byggarbetsplatsen, f\u00e4rdiga f\u00f6r montage.<\/p>\n","protected":false},"excerpt":{"rendered":"&#13; &#13; &#13; &#13; &#13; Efter m\u00e5nga \u00e5r i\u00a0prefabbranschen\u00a0kliver Carl Rohl\u00e9n nu in som ny projektchef p\u00e5 Byggelement&hellip;\n","protected":false},"author":2,"featured_media":100775,"comment_status":"","ping_status":"","sticky":false,"template":"","format":"standard","meta":{"footnotes":""},"categories":[66],"tags":[80,78,79,34,31,33,32,30,81,84,83,82],"class_list":{"0":"post-100774","1":"post","2":"type-post","3":"status-publish","4":"format-standard","5":"has-post-thumbnail","7":"category-vetenskap-och-teknik","8":"tag-science","9":"tag-science-and-technology","10":"tag-scienceandtechnology","11":"tag-se","12":"tag-svenska","13":"tag-sverige","14":"tag-sweden","15":"tag-swedish","16":"tag-technology","17":"tag-teknik","18":"tag-vetenskap","19":"tag-vetenskapteknik"},"share_on_mastodon":{"url":"https:\/\/pubeurope.com\/@se\/115688276314326437","error":""},"_links":{"self":[{"href":"https:\/\/www.europesays.com\/se\/wp-json\/wp\/v2\/posts\/100774","targetHints":{"allow":["GET"]}}],"collection":[{"href":"https:\/\/www.europesays.com\/se\/wp-json\/wp\/v2\/posts"}],"about":[{"href":"https:\/\/www.europesays.com\/se\/wp-json\/wp\/v2\/types\/post"}],"author":[{"embeddable":true,"href":"https:\/\/www.europesays.com\/se\/wp-json\/wp\/v2\/users\/2"}],"replies":[{"embeddable":true,"href":"https:\/\/www.europesays.com\/se\/wp-json\/wp\/v2\/comments?post=100774"}],"version-history":[{"count":0,"href":"https:\/\/www.europesays.com\/se\/wp-json\/wp\/v2\/posts\/100774\/revisions"}],"wp:featuredmedia":[{"embeddable":true,"href":"https:\/\/www.europesays.com\/se\/wp-json\/wp\/v2\/media\/100775"}],"wp:attachment":[{"href":"https:\/\/www.europesays.com\/se\/wp-json\/wp\/v2\/media?parent=100774"}],"wp:term":[{"taxonomy":"category","embeddable":true,"href":"https:\/\/www.europesays.com\/se\/wp-json\/wp\/v2\/categories?post=100774"},{"taxonomy":"post_tag","embeddable":true,"href":"https:\/\/www.europesays.com\/se\/wp-json\/wp\/v2\/tags?post=100774"}],"curies":[{"name":"wp","href":"https:\/\/api.w.org\/{rel}","templated":true}]}}