{"id":100800,"date":"2025-12-09T07:18:09","date_gmt":"2025-12-09T07:18:09","guid":{"rendered":"https:\/\/www.europesays.com\/se\/100800\/"},"modified":"2025-12-09T07:18:09","modified_gmt":"2025-12-09T07:18:09","slug":"frida-karlssons-lyxkop-for-over-600-000-kronor-langdskidor","status":"publish","type":"post","link":"https:\/\/www.europesays.com\/se\/100800\/","title":{"rendered":"Frida Karlssons lyxk\u00f6p \u2013 f\u00f6r \u00f6ver 600 000 kronor | L\u00e4ngdskidor"},"content":{"rendered":"<p>Publicerad 9 dec 2025 kl 06.54Uppdaterad kl 07.02<\/p>\n<p>H\u00e4r \u00e4r Frida Karlssons nya vapen inf\u00f6r OS.<\/p>\n<p>Ett eget rullband i garaget \u2013 f\u00f6r \u00f6ver 600 000 kronor.<\/p>\n<p>\u2013 Jag hoppas att det ska hj\u00e4lpa mig i min satsning, s\u00e4ger Karlsson.<\/p>\n<p><img loading=\"lazy\"   alt=\"\"\/><\/p>\n<p>Frida Karlsson.<\/p>\n<p>Foto: IDA \u00c5KESSON \/ SPA<\/p>\n<p>\u00d6ppna bild i helsk\u00e4rm<img loading=\"lazy\"   alt=\"\"\/><\/p>\n<p>Frida Karlsson fick guldbiljetten till OS i v\u00e5ras.<\/p>\n<p>Foto: JOEL MARKLUND \/ BILDBYR\u00c5N<\/p>\n<p>\u00d6ppna bild i helsk\u00e4rm<img loading=\"lazy\"   alt=\"\"\/>\u00d6ppna bild i helsk\u00e4rmArtikeln i korthet<\/p>\n<p> Frida Karlsson har k\u00f6pt ett rullskidband f\u00f6r \u00f6ver 600 000 kronor<br \/> Investeringen har v\u00e4ckt reaktioner i Norge.<\/p>\n<p> Bandet har blivit popul\u00e4rt bland skidkompisarna och anv\u00e4nds flitigt i hennes satsning mot OS-guld.<\/p>\n<p>Visa mer<\/p>\n<p>Draget har v\u00e4ckt reaktioner i Norge. Tiril Udnes Weng kallar det f\u00f6r en \u201dlyx i vardagen\u201d och Petter Northug sl\u00e5r fast att det skickar en \u201dtydlig signal till konkurrenterna\u201d.\u00a0<\/p>\n<p>De pratar om <a href=\"https:\/\/www.expressen.se\/tagg\/person\/frida-karlsson\/\" class=\"\" rel=\"nofollow noopener\" target=\"_blank\">Frida Karlssons<\/a> nya k\u00f6p.<\/p>\n<p>\u2013 Det \u00e4r ett fruktansv\u00e4rt dyrt rullband, s\u00e4ger Northug till <a href=\"https:\/\/www.tv2.no\/sport\/northug-hyller-frida-karlsson-bor-frykte-henne\/17840348\/?\" rel=\"nofollow noopener\" target=\"_blank\">TV2<\/a>.<\/p>\n<p>Priset i butik \u00e4r drygt 600 000 kronor. Det nya skidrullbandet st\u00e5r i Frida Karlssons garage och har blivit popul\u00e4rt bland skidkompisarna i \u00d6stersund.<\/p>\n<p>\u2013 Nu \u00e4r det l\u00e4tt att f\u00f6rst\u00e5 vilka dagar som det \u00e4r d\u00e5ligt v\u00e4der hemma, f\u00f6r d\u00e5 f\u00e5r jag sms direkt: \u201dKan jag f\u00e5 l\u00e5na bandet?\u201d, s\u00e4ger Karlsson och ler.<\/p>\n<p>Rullskidband \u00e4r ett vanligt inslag i en skid\u00e5kares tr\u00e4ningsvardag, men oftast f\u00e5r man leta sig till skidgymnasium, idrottscenter eller testlabb f\u00f6r att f\u00e5 tillg\u00e5ng till ett.<\/p>\n<p>Eller s\u00e5 f\u00e5r man \u00f6ppna pl\u00e5nboken.<\/p>\n<p>G\u00f6r som norska stj\u00e4rnorna: \u201dK\u00e4nns bra\u201d\u00a0<\/p>\n<p>Johannes Thingnes B\u00f6 och Johannes H\u00f6sflot Kl\u00e4bo \u00e4r tv\u00e5 norska exempel p\u00e5 vinterstj\u00e4rnor som k\u00f6pt ett eget rullskidband till hemmet. Nu \u00e4r Frida Karlsson ocks\u00e5 en del av den exklusiva skaran.<\/p>\n<p>\u2013 Det finns ju alltid band tillg\u00e4ngliga i n\u00e4rheten, men jag inte ville boka upp alla tider som fanns tillg\u00e4ngliga p\u00e5 gymmet&#8230; s\u00e5 det k\u00e4nns bra att ha ett hemma, s\u00e4ger Frida Karlsson.<\/p>\n<p>Rullbandet som 26-\u00e5ringen har k\u00f6pt kan g\u00e5 upp till 40 kilometer i timmen med 20 procents lutning.<\/p>\n<p>\u2013 I fjol k\u00f6rde jag j\u00e4ttemycket p\u00e5 band eftersom jag inte kunde \u00e5ka skidor. D\u00e5 hittade vi vissa grejer som man kunde utveckla \u2013 och jag tyckte att det var roligt att k\u00f6ra. S\u00e5 jag har anv\u00e4nt det ganska mycket i tr\u00e4ningen.<\/p>\n<p><strong>Hur mycket sved det i pl\u00e5nboken?<\/strong><\/p>\n<p>\u2013 Nej, jag tycker att det \u00e4r en investering och hoppas att det ska hj\u00e4lpa mig i min satsning. D\u00e5 svider det inte s\u00e5 mycket.<\/p>\n<p>Guldbiljett p\u00e5 v\u00e4ggen: \u201dLite klyschigt\u201d<\/p>\n<p>Det finns en tydlig symbol som visar att det nya rullbandet ska hj\u00e4lpa Frida Karlsson till karri\u00e4rens f\u00f6rsta OS-guld. N\u00e4r landslagsstj\u00e4rnan togs ut till spelen i Italien fick hon en guldbiljett av Sveriges olympiska kommitt\u00e9.<\/p>\n<p>Den sitter nu p\u00e5 v\u00e4ggen framf\u00f6r rullbandet.<\/p>\n<p>\u2013 Jag t\u00e4nkte att det k\u00e4ndes lite klyschigt, s\u00e4ger Karlsson och skrattar.<\/p>\n<p>\u2013 Men ocks\u00e5 lite kul. Jag t\u00e4nker inte s\u00e5 ofta p\u00e5 det utan \u00e4r ganska mycket h\u00e4r och nu.<\/p>\n<p>Nu f\u00e5r Frida Karlsson gott om tid f\u00f6r att anv\u00e4nda rullbandet. 26-\u00e5ringen st\u00e5r n\u00e4mligen \u00f6ver n\u00e4sta helgs v\u00e4rldscupt\u00e4vlingar i Davos.<\/p>\n<p><a href=\"https:\/\/www.instagram.com\/p\/DLCL5EmNAuS\/?img_index=1?hidecaption=true\" data-provider=\"instagram\" class=\"js-social-embed\" rel=\"nofollow noopener\" target=\"_blank\">https:\/\/www.instagram.com\/p\/DLCL5EmNAuS\/?img_index=1?hidecaption=true<\/a><script async src=\"\/\/www.instagram.com\/embed.js\"><\/script><\/p>\n","protected":false},"excerpt":{"rendered":"Publicerad 9 dec 2025 kl 06.54Uppdaterad kl 07.02 H\u00e4r \u00e4r Frida Karlssons nya vapen inf\u00f6r OS. Ett eget&hellip;\n","protected":false},"author":2,"featured_media":100801,"comment_status":"","ping_status":"","sticky":false,"template":"","format":"standard","meta":{"footnotes":""},"categories":[68],"tags":[4484,34,857,111,110,31,33,32,30],"class_list":{"0":"post-100800","1":"post","2":"type-post","3":"status-publish","4":"format-standard","5":"has-post-thumbnail","7":"category-sport","8":"tag-person-frida-karlsson","9":"tag-se","10":"tag-sections-langdskidor","11":"tag-sport","12":"tag-sports","13":"tag-svenska","14":"tag-sverige","15":"tag-sweden","16":"tag-swedish"},"share_on_mastodon":{"url":"https:\/\/pubeurope.com\/@se\/115688394184756450","error":""},"_links":{"self":[{"href":"https:\/\/www.europesays.com\/se\/wp-json\/wp\/v2\/posts\/100800","targetHints":{"allow":["GET"]}}],"collection":[{"href":"https:\/\/www.europesays.com\/se\/wp-json\/wp\/v2\/posts"}],"about":[{"href":"https:\/\/www.europesays.com\/se\/wp-json\/wp\/v2\/types\/post"}],"author":[{"embeddable":true,"href":"https:\/\/www.europesays.com\/se\/wp-json\/wp\/v2\/users\/2"}],"replies":[{"embeddable":true,"href":"https:\/\/www.europesays.com\/se\/wp-json\/wp\/v2\/comments?post=100800"}],"version-history":[{"count":0,"href":"https:\/\/www.europesays.com\/se\/wp-json\/wp\/v2\/posts\/100800\/revisions"}],"wp:featuredmedia":[{"embeddable":true,"href":"https:\/\/www.europesays.com\/se\/wp-json\/wp\/v2\/media\/100801"}],"wp:attachment":[{"href":"https:\/\/www.europesays.com\/se\/wp-json\/wp\/v2\/media?parent=100800"}],"wp:term":[{"taxonomy":"category","embeddable":true,"href":"https:\/\/www.europesays.com\/se\/wp-json\/wp\/v2\/categories?post=100800"},{"taxonomy":"post_tag","embeddable":true,"href":"https:\/\/www.europesays.com\/se\/wp-json\/wp\/v2\/tags?post=100800"}],"curies":[{"name":"wp","href":"https:\/\/api.w.org\/{rel}","templated":true}]}}