{"id":100806,"date":"2025-12-09T07:23:10","date_gmt":"2025-12-09T07:23:10","guid":{"rendered":"https:\/\/www.europesays.com\/se\/100806\/"},"modified":"2025-12-09T07:23:10","modified_gmt":"2025-12-09T07:23:10","slug":"08-december-21-00-trafikkontroll-vasternorrlands-lan-polisen-se","status":"publish","type":"post","link":"https:\/\/www.europesays.com\/se\/100806\/","title":{"rendered":"08 december 21.00, Trafikkontroll, V\u00e4sternorrlands l\u00e4n &#8211; polisen.se"},"content":{"rendered":"<ol>\n<li><a href=\"https:\/\/news.google.com\/rss\/articles\/CBMiqwFBVV95cUxQWmNNTXZNa1RZN0Zydmg0NWFTMWZvVE1OV2pEem9TLU00cVhVTlA0Z1JpQ2JDelZpemlGdUE5UGFEV0x2TmxJOTBrblFqU0daY055VF9OXzNpdFNHbW1VNXNQX24xUHBkYktNSW42ZkxkT2ZDN3RiMURDSkRpNmVzV042blprTHdjMFJiTzJBeVlOWGE5M2UtQ1VacmhZTWNXa3Rpd0xOemJQb1U?oc=5\" target=\"_blank\" rel=\"nofollow noopener\">08 december 21.00, Trafikkontroll, V\u00e4sternorrlands l\u00e4n<\/a>&nbsp;&nbsp;polisen.se<\/li>\n<li><a href=\"https:\/\/news.google.com\/rss\/articles\/CBMidEFVX3lxTFBQQVd4NGoxdVFodFFWai1La2dHSkE4ak90Sk41TTFmUHB2MllQYnMyNmJDTGc4VFJYZVRSaG9MRHlGYll2cWZwQ05FVWN1akN5WW9YdGFzV3Y2dHVLVDBjRHNZZElEUUJkTk0ya1A3ZEZycXFG?oc=5\" target=\"_blank\" rel=\"nofollow noopener\">Nu g\u00f6r polisen extra trafikkontroller<\/a>&nbsp;&nbsp;Nerikes Allehanda<\/li>\n<li><a href=\"https:\/\/news.google.com\/rss\/articles\/CBMimAFBVV95cUxOU214RUxGXzB4N2JBYW9KLXRNMFlJVzdEampKdW5tOGJIRUZLX2VwRFJLX19vQUpWOWhGUE90MER6RFR1SjdiT19NWVVMMHZOd2xCekMyclNWMkF1ajRuMGV2cmRsdGQ3ZVpVMDFpd0hzRkk3ZjJfYjkxeDV0ZHJqTEZ0emVJYlNEWWgwaGR0dGl1eTdhbHBGdw?oc=5\" target=\"_blank\" rel=\"nofollow noopener\">JUST NU: Viktig polisinfo till alla som k\u00f6r bil \u2013 g\u00e4ller hela veckan<\/a>&nbsp;&nbsp;Marcus Oscarsson<\/li>\n<li><a href=\"https:\/\/news.google.com\/rss\/articles\/CBMif0FVX3lxTE11TTJsUkpyU2w2WjV1ZDA2ZEdRUkxyM3dGRGJwbE9uRUI4S2ppOTI1ek5TS0QwSUNTUm1Da3p4dVdVckNJNDJ0SExBWVJKOUJPSWhhaTZOSjVDeUctUVZMWGJUMHljbGJsUkI1elVUdlFmaXpWM2ZmS1VGVWM3Z1U?oc=5\" target=\"_blank\" rel=\"nofollow noopener\">Polisens besked: Vi ska g\u00f6ra extra kontroller<\/a>&nbsp;&nbsp;V\u00e4rnamo Nyheter<\/li>\n<li><a href=\"https:\/\/news.google.com\/rss\/articles\/CBMicEFVX3lxTE9UZVNUaFQ1eGxkdzdSX3lucVFNQ3I5MjUtLTBZTWRYcGdROFBUUUtmM3Byek9CckE2c3lPSm1hNFpnejlob0RobFRnWVFXSlFNY1daUGVjODMyY1ItMF94a1ZMWlNWejdGLTAyV3Z4SlE?oc=5\" target=\"_blank\" rel=\"nofollow noopener\">H\u00e5rdkontroll av Poliserna i trafiken<\/a>&nbsp;&nbsp;Aff\u00e4rsnytt Norr<\/li>\n<\/ol>\n","protected":false},"excerpt":{"rendered":"08 december 21.00, Trafikkontroll, V\u00e4sternorrlands l\u00e4n&nbsp;&nbsp;polisen.se Nu g\u00f6r polisen extra trafikkontroller&nbsp;&nbsp;Nerikes Allehanda JUST NU: Viktig polisinfo till alla&hellip;\n","protected":false},"author":2,"featured_media":54,"comment_status":"","ping_status":"","sticky":false,"template":"","format":"standard","meta":{"footnotes":""},"categories":[12],"tags":[22,23,26,27,17,21,24,25,28,29,15,16,18,34,31,33,32,30,19,20],"class_list":{"0":"post-100806","1":"post","2":"type-post","3":"status-publish","4":"format-standard","5":"has-post-thumbnail","7":"category-sverige","8":"tag-breaking-news","9":"tag-breakingnews","10":"tag-featured-news","11":"tag-featurednews","12":"tag-headlines","13":"tag-huvudnyheter","14":"tag-latest-news","15":"tag-latestnews","16":"tag-main-news","17":"tag-mainnews","18":"tag-news","19":"tag-nyheter","20":"tag-rubriker","21":"tag-se","22":"tag-svenska","23":"tag-sverige","24":"tag-sweden","25":"tag-swedish","26":"tag-top-stories","27":"tag-topstories"},"share_on_mastodon":{"url":"https:\/\/pubeurope.com\/@se\/115688413827491187","error":""},"_links":{"self":[{"href":"https:\/\/www.europesays.com\/se\/wp-json\/wp\/v2\/posts\/100806","targetHints":{"allow":["GET"]}}],"collection":[{"href":"https:\/\/www.europesays.com\/se\/wp-json\/wp\/v2\/posts"}],"about":[{"href":"https:\/\/www.europesays.com\/se\/wp-json\/wp\/v2\/types\/post"}],"author":[{"embeddable":true,"href":"https:\/\/www.europesays.com\/se\/wp-json\/wp\/v2\/users\/2"}],"replies":[{"embeddable":true,"href":"https:\/\/www.europesays.com\/se\/wp-json\/wp\/v2\/comments?post=100806"}],"version-history":[{"count":0,"href":"https:\/\/www.europesays.com\/se\/wp-json\/wp\/v2\/posts\/100806\/revisions"}],"wp:featuredmedia":[{"embeddable":true,"href":"https:\/\/www.europesays.com\/se\/wp-json\/wp\/v2\/media\/54"}],"wp:attachment":[{"href":"https:\/\/www.europesays.com\/se\/wp-json\/wp\/v2\/media?parent=100806"}],"wp:term":[{"taxonomy":"category","embeddable":true,"href":"https:\/\/www.europesays.com\/se\/wp-json\/wp\/v2\/categories?post=100806"},{"taxonomy":"post_tag","embeddable":true,"href":"https:\/\/www.europesays.com\/se\/wp-json\/wp\/v2\/tags?post=100806"}],"curies":[{"name":"wp","href":"https:\/\/api.w.org\/{rel}","templated":true}]}}