{"id":100815,"date":"2025-12-09T07:39:09","date_gmt":"2025-12-09T07:39:09","guid":{"rendered":"https:\/\/www.europesays.com\/se\/100815\/"},"modified":"2025-12-09T07:39:09","modified_gmt":"2025-12-09T07:39:09","slug":"ett-magiskt-mote-i-skogen-med-en-hotad-art-boras-tidning","status":"publish","type":"post","link":"https:\/\/www.europesays.com\/se\/100815\/","title":{"rendered":"Ett magiskt m\u00f6te i skogen med en hotad art \u2013 Bor\u00e5s Tidning"},"content":{"rendered":"<p>Jag vill att kommande generationer ska f\u00e5 uppleva frilevande varg i Sverige. D\u00e4rf\u00f6r m\u00e5ste licensjakten efter varg 2026 stoppas, skriver Silvernatt.<\/p>\n<p>Detta \u00e4r en ins\u00e4ndare i Bor\u00e5s Tidning.\u00c5sikter som uttrycks \u00e4r skribentens egna.<\/p>\n<p><img loading=\"lazy\" decoding=\"async\" width=\"980\" height=\"551\" class=\"article-image article-image--featured\" alt=\"Regeringen vill l\u00e4gga totalt 338 miljoner kronor under tre kommande \u00e5ren f\u00f6r att kunna minska vargstammen i Sverige. De pengarna skulle kunna g\u00e5 till l\u00e5ngsiktigt f\u00f6rebyggande \u00e5tg\u00e4rder ist\u00e4llet, anser Silvernatt.\" src=\"https:\/\/www.europesays.com\/se\/wp-content\/uploads\/2025\/12\/fe2e2528-e59e-4a96-9e02-9e138d18f9c1.jpg\"  \/><a class=\"article__lightbox-link\" href=\"https:\/\/static.bonniernews.se\/ba\/fe2e2528-e59e-4a96-9e02-9e138d18f9c1.jpg?crop=5120%2C2880%2Cx0%2Cy264&amp;width=1400&amp;format=pjpg&amp;auto=avif\" data-pswp-width=\"1400\" data-pswp-height=\"788\" data-pswp-caption=\"Regeringen vill l\u00e4gga totalt 338 miljoner kronor under tre kommande \u00e5ren f\u00f6r att kunna minska vargstammen i Sverige. De pengarna skulle kunna g\u00e5 till l\u00e5ngsiktigt f\u00f6rebyggande \u00e5tg\u00e4rder ist\u00e4llet, anser Silvernatt. Bild: Lars Pehrson \/ SvD \/ TT\" data-pswp- rel=\"nofollow noopener\" target=\"_blank\">\u00d6ppna bild i helsk\u00e4rmsl\u00e4ge<\/a><\/p>\n<p class=\"txt-style-muted\" aria-hidden=\"true\">Regeringen vill l\u00e4gga totalt 338 miljoner kronor under tre kommande \u00e5ren f\u00f6r att kunna minska vargstammen i Sverige. De pengarna skulle kunna g\u00e5 till l\u00e5ngsiktigt f\u00f6rebyggande \u00e5tg\u00e4rder ist\u00e4llet, anser Silvernatt.<\/p>\n<p class=\"article__figcaption-attribution txt-style-muted\">Bild: Lars Pehrson \/ SvD \/ TT<\/p>\n<p>Det \u00e4r tidig morgon, solens str\u00e5lar r\u00f6r sig lekfullt mellan tr\u00e4dens grenar.<br \/>Hunden och jag \u00e4r ute och g\u00e5r i reviret p\u00e5 en liten skogsstig. Tittar om det finns n\u00e5gon ny vargspillning eller nya sp\u00e5r.<\/p>\n<p>Jag k\u00e4nner doften av varg som jag s\u00e5 v\u00e4l k\u00e4nner igen sedan tidigare. Hunden indikerar att det \u00e4r n\u00e5got i n\u00e4rheten, hon s\u00e4tter sig och \u00e4r vaksam. Jag ser n\u00e5got som r\u00f6r sig i periferin i buskaget n\u00e5gra meter framf\u00f6r mig.<\/p>\n<p aria-disabled=\"true\" class=\"ad__preamble ad-text txt-style-muted txt-ui txt-ui--strong txt-ui-2\">Annons<\/p>\n<p aria-disabled=\"true\" class=\"ad__preamble ad-text txt-style-muted txt-ui txt-ui--strong txt-ui-2\">Annons<\/p>\n<p>Pl\u00f6tsligt m\u00f6ts v\u00e5ra blickar, jag ser ett ansikte som i solstr\u00e5larna glittrar i silver. Den tittar p\u00e5 mig nyfiket. K\u00e4nslan jag har \u00e4r lycka n\u00e4r jag \u00e4ntligen f\u00e5r se den p\u00e5 riktigt i det vilda. Den viktiga, vackra vargen.<\/p>\n<p>V\u00e5rt m\u00f6te varar n\u00e5gra sekunder innan den skyggt travar in i skogen igen. Hunden tittar p\u00e5 mig och vi forts\u00e4tter att vandra p\u00e5 v\u00e5r promenad efter detta magiska \u00f6gonblick.<\/p>\n<blockquote class=\"article__blockquote\">\n<p class=\"article__blockquote-text txt-headline txt-headline-3\">K\u00e4nslan jag har \u00e4r lycka n\u00e4r jag \u00e4ntligen f\u00e5r se den p\u00e5 riktigt i det vilda.<\/p>\n<\/blockquote>\n<p>I januari 2026 ska 48 vargar d\u00f6das i licensjakten och redan nu har l\u00e4nsstyrelserna avsatt 22 vargar f\u00f6r skyddsjakt. 70 vargar ska d\u00f6 n\u00e4sta \u00e5r.  Trots att vargen \u00e4r r\u00f6dlistad och fridlyst och bara f\u00e5r jagas under strikt kontrollerade former. <\/p>\n<p>\u00c4ven om vargen f\u00e5tt l\u00e4gre skyddsstatus p\u00e5minner EU-kommissionen \u00e5terigen om det sj\u00e4lvklara: vargen \u00e4r fortfarande ett skyddat djur enligt EU:s art- och habitadirektiv och \u00e4r en av v\u00e5ra nyckelarter f\u00f6r den biologiska m\u00e5ngfalden. Trots det ska den nu reduceras till ynka 170 individer totalt p\u00e5 hela den svenska ytan.<\/p>\n<p>Regeringen vill l\u00e4gga totalt 338 miljoner kronor under tre kommande \u00e5ren f\u00f6r att kunna minska vargstammen i Sverige. De pengarna skulle kunna g\u00e5 till l\u00e5ngsiktigt f\u00f6rebyggande \u00e5tg\u00e4rder. Boskaps\u00e4gare skulle f\u00e5 mer ekonomisk hj\u00e4lp f\u00f6r att s\u00e4tta upp rovdjursavvisande st\u00e4ngsel. Det kanske skulle hj\u00e4lpa till att \u00f6ka acceptansen mellan rovdjur och boskaps\u00e4gare. Varje \u00e5r skjuts 20 procent av vargstammen illegalt, enligt Sveriges lantbruksuniversitet.<\/p>\n<p aria-disabled=\"true\" class=\"ad__preamble ad-text txt-style-muted txt-ui txt-ui--strong txt-ui-2\">Annons<\/p>\n<p>Jag vill att kommande generationer ska f\u00e5 uppleva frilevande varg i Sverige. D\u00e4rf\u00f6r m\u00e5ste licensjakten efter varg 2026 stoppas. Vargen kommer snart vara helt utrotad annars.<\/p>\n<p><strong>Silvernatt<\/strong><\/p>\n","protected":false},"excerpt":{"rendered":"Jag vill att kommande generationer ska f\u00e5 uppleva frilevande varg i Sverige. D\u00e4rf\u00f6r m\u00e5ste licensjakten efter varg 2026&hellip;\n","protected":false},"author":2,"featured_media":100816,"comment_status":"","ping_status":"","sticky":false,"template":"","format":"standard","meta":{"footnotes":""},"categories":[12],"tags":[22,23,26,27,17,21,24,25,28,29,15,16,18,34,31,33,32,30,19,20],"class_list":{"0":"post-100815","1":"post","2":"type-post","3":"status-publish","4":"format-standard","5":"has-post-thumbnail","7":"category-sverige","8":"tag-breaking-news","9":"tag-breakingnews","10":"tag-featured-news","11":"tag-featurednews","12":"tag-headlines","13":"tag-huvudnyheter","14":"tag-latest-news","15":"tag-latestnews","16":"tag-main-news","17":"tag-mainnews","18":"tag-news","19":"tag-nyheter","20":"tag-rubriker","21":"tag-se","22":"tag-svenska","23":"tag-sverige","24":"tag-sweden","25":"tag-swedish","26":"tag-top-stories","27":"tag-topstories"},"share_on_mastodon":{"url":"https:\/\/pubeurope.com\/@se\/115688476854917550","error":""},"_links":{"self":[{"href":"https:\/\/www.europesays.com\/se\/wp-json\/wp\/v2\/posts\/100815","targetHints":{"allow":["GET"]}}],"collection":[{"href":"https:\/\/www.europesays.com\/se\/wp-json\/wp\/v2\/posts"}],"about":[{"href":"https:\/\/www.europesays.com\/se\/wp-json\/wp\/v2\/types\/post"}],"author":[{"embeddable":true,"href":"https:\/\/www.europesays.com\/se\/wp-json\/wp\/v2\/users\/2"}],"replies":[{"embeddable":true,"href":"https:\/\/www.europesays.com\/se\/wp-json\/wp\/v2\/comments?post=100815"}],"version-history":[{"count":0,"href":"https:\/\/www.europesays.com\/se\/wp-json\/wp\/v2\/posts\/100815\/revisions"}],"wp:featuredmedia":[{"embeddable":true,"href":"https:\/\/www.europesays.com\/se\/wp-json\/wp\/v2\/media\/100816"}],"wp:attachment":[{"href":"https:\/\/www.europesays.com\/se\/wp-json\/wp\/v2\/media?parent=100815"}],"wp:term":[{"taxonomy":"category","embeddable":true,"href":"https:\/\/www.europesays.com\/se\/wp-json\/wp\/v2\/categories?post=100815"},{"taxonomy":"post_tag","embeddable":true,"href":"https:\/\/www.europesays.com\/se\/wp-json\/wp\/v2\/tags?post=100815"}],"curies":[{"name":"wp","href":"https:\/\/api.w.org\/{rel}","templated":true}]}}