{"id":100831,"date":"2025-12-09T07:56:09","date_gmt":"2025-12-09T07:56:09","guid":{"rendered":"https:\/\/www.europesays.com\/se\/100831\/"},"modified":"2025-12-09T07:56:09","modified_gmt":"2025-12-09T07:56:09","slug":"strul-hos-avanza-saldo-visar-tomt","status":"publish","type":"post","link":"https:\/\/www.europesays.com\/se\/100831\/","title":{"rendered":"Strul hos Avanza \u2013 saldo visar tomt"},"content":{"rendered":"<p>Driftst\u00f6rningarna har rapporterats in till sajten Downdetector under natten. L\u00e4sare har h\u00f6rt av sig till b\u00e5de Expressen och Aftonbladet och rapporterar att \u201dpengarna \u00e4r borta\u201d och att olika konton visar tomt eller fel saldo. <\/p>\n<p>Efter n\u00e5gra timmar d\u00f6k ett meddelande upp i Avanzas app:<\/p>\n<p>\u201dJust nu har vi problem med att visa upp alla kontov\u00e4rden. Detta \u00e4r ett visningsfel. Fels\u00f6kning p\u00e5g\u00e5r.\u201d<\/p>\n<p>Till Aftonbladet s\u00e4ger Avanzas vd Gustaf Unger:<\/p>\n<p>\u2013 Det \u00e4r s\u00e5 klart j\u00e4ttetr\u00e5kigt och olyckligt. Vi h\u00e5ller p\u00e5 att fels\u00f6ka och f\u00f6rs\u00f6ker l\u00f6sa det s\u00e5 snabbt som m\u00f6jligt.<\/p>\n","protected":false},"excerpt":{"rendered":"Driftst\u00f6rningarna har rapporterats in till sajten Downdetector under natten. L\u00e4sare har h\u00f6rt av sig till b\u00e5de Expressen och&hellip;\n","protected":false},"author":2,"featured_media":100832,"comment_status":"","ping_status":"","sticky":false,"template":"","format":"standard","meta":{"footnotes":""},"categories":[5],"tags":[22,23,26,27,17,21,24,25,28,29,15,16,18,34,31,33,32,30,19,20],"class_list":{"0":"post-100831","1":"post","2":"type-post","3":"status-publish","4":"format-standard","5":"has-post-thumbnail","7":"category-rubriker","8":"tag-breaking-news","9":"tag-breakingnews","10":"tag-featured-news","11":"tag-featurednews","12":"tag-headlines","13":"tag-huvudnyheter","14":"tag-latest-news","15":"tag-latestnews","16":"tag-main-news","17":"tag-mainnews","18":"tag-news","19":"tag-nyheter","20":"tag-rubriker","21":"tag-se","22":"tag-svenska","23":"tag-sverige","24":"tag-sweden","25":"tag-swedish","26":"tag-top-stories","27":"tag-topstories"},"share_on_mastodon":{"url":"https:\/\/pubeurope.com\/@se\/115688543566097887","error":""},"_links":{"self":[{"href":"https:\/\/www.europesays.com\/se\/wp-json\/wp\/v2\/posts\/100831","targetHints":{"allow":["GET"]}}],"collection":[{"href":"https:\/\/www.europesays.com\/se\/wp-json\/wp\/v2\/posts"}],"about":[{"href":"https:\/\/www.europesays.com\/se\/wp-json\/wp\/v2\/types\/post"}],"author":[{"embeddable":true,"href":"https:\/\/www.europesays.com\/se\/wp-json\/wp\/v2\/users\/2"}],"replies":[{"embeddable":true,"href":"https:\/\/www.europesays.com\/se\/wp-json\/wp\/v2\/comments?post=100831"}],"version-history":[{"count":0,"href":"https:\/\/www.europesays.com\/se\/wp-json\/wp\/v2\/posts\/100831\/revisions"}],"wp:featuredmedia":[{"embeddable":true,"href":"https:\/\/www.europesays.com\/se\/wp-json\/wp\/v2\/media\/100832"}],"wp:attachment":[{"href":"https:\/\/www.europesays.com\/se\/wp-json\/wp\/v2\/media?parent=100831"}],"wp:term":[{"taxonomy":"category","embeddable":true,"href":"https:\/\/www.europesays.com\/se\/wp-json\/wp\/v2\/categories?post=100831"},{"taxonomy":"post_tag","embeddable":true,"href":"https:\/\/www.europesays.com\/se\/wp-json\/wp\/v2\/tags?post=100831"}],"curies":[{"name":"wp","href":"https:\/\/api.w.org\/{rel}","templated":true}]}}