{"id":100838,"date":"2025-12-09T08:12:10","date_gmt":"2025-12-09T08:12:10","guid":{"rendered":"https:\/\/www.europesays.com\/se\/100838\/"},"modified":"2025-12-09T08:12:10","modified_gmt":"2025-12-09T08:12:10","slug":"2025-kan-bli-nast-varmaste-aret","status":"publish","type":"post","link":"https:\/\/www.europesays.com\/se\/100838\/","title":{"rendered":"2025 kan bli n\u00e4st varmaste \u00e5ret"},"content":{"rendered":"<p>2025 ser ut att antingen bli det n\u00e4st varmaste \u00e5ret eller det tredje varmaste som uppm\u00e4tts, visar europeiska Copernicus sammanst\u00e4llning.<\/p>\n<p>Medeltemperaturen januari-november var 1,48 grader varmare \u00e4n genomsnittet fr\u00e5n f\u00f6rindustriell tid 1850 \u2013 1900. Tre\u00e5rsperioden 2023-2025 ser ut att f\u00f6r f\u00f6rsta g\u00e5ngen hamna \u00f6ver Parisavtalets gr\u00e4ns p\u00e5 1,5 grader \u00f6ver genomsnittet.<\/p>\n<p>Enligt Copernicus klimatchef speglar statistiken hur farten i klimat- f\u00f6r\u00e4ndringarna \u00f6kar. Endast minskade utsl\u00e4pp av v\u00e4xhusgaser kan bromsa. <\/p>\n","protected":false},"excerpt":{"rendered":"2025 ser ut att antingen bli det n\u00e4st varmaste \u00e5ret eller det tredje varmaste som uppm\u00e4tts, visar europeiska&hellip;\n","protected":false},"author":2,"featured_media":793,"comment_status":"","ping_status":"","sticky":false,"template":"","format":"standard","meta":{"footnotes":""},"categories":[5],"tags":[22,23,26,27,17,21,24,25,28,29,15,16,18,34,31,33,32,30,19,20],"class_list":{"0":"post-100838","1":"post","2":"type-post","3":"status-publish","4":"format-standard","5":"has-post-thumbnail","7":"category-rubriker","8":"tag-breaking-news","9":"tag-breakingnews","10":"tag-featured-news","11":"tag-featurednews","12":"tag-headlines","13":"tag-huvudnyheter","14":"tag-latest-news","15":"tag-latestnews","16":"tag-main-news","17":"tag-mainnews","18":"tag-news","19":"tag-nyheter","20":"tag-rubriker","21":"tag-se","22":"tag-svenska","23":"tag-sverige","24":"tag-sweden","25":"tag-swedish","26":"tag-top-stories","27":"tag-topstories"},"share_on_mastodon":{"url":"https:\/\/pubeurope.com\/@se\/115688606450408786","error":""},"_links":{"self":[{"href":"https:\/\/www.europesays.com\/se\/wp-json\/wp\/v2\/posts\/100838","targetHints":{"allow":["GET"]}}],"collection":[{"href":"https:\/\/www.europesays.com\/se\/wp-json\/wp\/v2\/posts"}],"about":[{"href":"https:\/\/www.europesays.com\/se\/wp-json\/wp\/v2\/types\/post"}],"author":[{"embeddable":true,"href":"https:\/\/www.europesays.com\/se\/wp-json\/wp\/v2\/users\/2"}],"replies":[{"embeddable":true,"href":"https:\/\/www.europesays.com\/se\/wp-json\/wp\/v2\/comments?post=100838"}],"version-history":[{"count":0,"href":"https:\/\/www.europesays.com\/se\/wp-json\/wp\/v2\/posts\/100838\/revisions"}],"wp:featuredmedia":[{"embeddable":true,"href":"https:\/\/www.europesays.com\/se\/wp-json\/wp\/v2\/media\/793"}],"wp:attachment":[{"href":"https:\/\/www.europesays.com\/se\/wp-json\/wp\/v2\/media?parent=100838"}],"wp:term":[{"taxonomy":"category","embeddable":true,"href":"https:\/\/www.europesays.com\/se\/wp-json\/wp\/v2\/categories?post=100838"},{"taxonomy":"post_tag","embeddable":true,"href":"https:\/\/www.europesays.com\/se\/wp-json\/wp\/v2\/tags?post=100838"}],"curies":[{"name":"wp","href":"https:\/\/api.w.org\/{rel}","templated":true}]}}