{"id":100841,"date":"2025-12-09T08:17:15","date_gmt":"2025-12-09T08:17:15","guid":{"rendered":"https:\/\/www.europesays.com\/se\/100841\/"},"modified":"2025-12-09T08:17:15","modified_gmt":"2025-12-09T08:17:15","slug":"svenska-foretag-far-minst-statsstod-i-hela-eu-2","status":"publish","type":"post","link":"https:\/\/www.europesays.com\/se\/100841\/","title":{"rendered":"Svenska f\u00f6retag f\u00e5r minst statsst\u00f6d i hela EU"},"content":{"rendered":"<p>\t\t\t\t<img decoding=\"async\" class=\"figure-img img-fluid\"  src=\"https:\/\/www.europesays.com\/se\/wp-content\/uploads\/2025\/12\/1765268235_630_bilder.tn.se\" alt=\"\" itemprop=\"image\"\/><\/p>\n<p>\t\t\t\t\t\t\t\t\tKonkursade batterifabriken Northvolt fick en del statligt st\u00f6d, men det r\u00e4ckte inte. Arkivbild.<br \/>\n\t\t\t\t\t\t\t\t\t\t\t\t\tBild:<br \/>\n\t\t\t\t\tJonas Ekstr\u00f6mer\/TT<\/p>\n<p class=\"ew-preamble\" itemprop=\"description\">Svenska bolag f\u00e5r klart minst statsst\u00f6d i hela EU. \u00c4nd\u00e5 investerar de mer \u00e4n f\u00f6retag p\u00e5 kontinenten, enligt en rapport fr\u00e5n Europeiska investeringsbanken.<\/p>\n<p>\n\t\tPublicerad:<br \/>\n\t\t9 dec 2025, 07:25\n\t<\/p>\n<p>\n\t\t\tUppdaterad:<br \/>\n\t\t\t9 dec 2025, 09:12\n\t\t<\/p>\n<p class=\"ew-body\">Tre procent av svenska f\u00f6retag f\u00e5r n\u00e5gon form av statsst\u00f6d i samband med investeringar, antingen som f\u00f6rm\u00e5nliga l\u00e5n, direkta bidrag eller subventioner. Det \u00e4r l\u00e4gst av alla l\u00e4nder i hela EU d\u00e4r snittet ligger p\u00e5 16 procent, enligt en studie av Europeiska investeringsbanken.<\/p>\n<p class=\"ew-body\">\u201dDetta \u00e5terspeglar Sveriges ovanligt begr\u00e4nsade anv\u00e4ndning av offentliga st\u00f6dinstrument j\u00e4mf\u00f6rt med resten av Europa\u201d skriver Europeiska investeringsbanken.<\/p>\n<p>        M\u00f6jliga orsaker<\/p>\n<p class=\"ew-body\">Banken har inga s\u00e4kra svar p\u00e5 varf\u00f6r det ser ut som det g\u00f6r, men m\u00f6jliga orsaker kan vara att det \u00e4r relativt b\u00f6kigt att s\u00f6ka pengar fr\u00e5n exempelvis statliga klimatklivet eller andra varianter.<\/p>\n<p class=\"ew-body\">\u201dMer generellt har Sveriges industristrategi nyligen betonat skattel\u00e4ttnader, effektiviserade tillst\u00e5nd och infrastrukturinvesteringar framf\u00f6r direkt ekonomiskt st\u00f6d\u201d, s\u00e4ger bankens ekonom Matteo Gatti i en skriftlig kommentar till TT.<\/p>\n<p class=\"ew-body\">Svenska f\u00f6retag \u00e4r \u00f6verhuvudtaget relativt sparsamma med att plocka in externa medel \u2013 l\u00e5n och nyemissioner fr\u00e5n \u00e4garna liksom st\u00f6d fr\u00e5n det allm\u00e4nna \u2013 till sina investeringar. 22 procent av svenska bolag g\u00f6r det, l\u00e4gst bland alla EU-l\u00e4nder d\u00e4r snittet ligger p\u00e5 42 procent.<\/p>\n<p class=\"ew-body\">Det kan h\u00e4nga ihop med att svenska f\u00f6retag generellt har starka balansr\u00e4kningar. De har d\u00e4rmed r\u00e5d att finansiera sina investeringar med egna medel, enligt Matteo Gatti.<\/p>\n<p>        \u201dAnm\u00e4rkningsv\u00e4rd h\u00f6g niv\u00e5\u201d<\/p>\n<p class=\"ew-body\">Trots det investerar svenska f\u00f6retag i \u00f6kad produktion eller utveckling av nya produkter p\u00e5 en h\u00f6gre niv\u00e5 \u00e4n sina europeiska konkurrenter.<\/p>\n<p class=\"ew-body\">\u201dSvenska f\u00f6retag forts\u00e4tter att investera p\u00e5 en anm\u00e4rkningsv\u00e4rt h\u00f6g niv\u00e5, \u00e4ven i en mer os\u00e4ker milj\u00f6&#8221;, s\u00e4ger EIB:s vicepresident Karl Nehammer i en skriftlig kommentar.<\/p>\n<p class=\"ew-body\">De svenska bolagen ligger ocks\u00e5 v\u00e4l i front vad g\u00e4ller ny teknik, som investeringar i AI och\/eller i den gr\u00f6na omst\u00e4llningen.<\/p>\n<p class=\"ew-body\">Studien bygger p\u00e5 data fr\u00e5n 13\u00a0000 f\u00f6retag och genomf\u00f6rs \u00e5rligen sedan 2016.<\/p>\n<p class=\"ew-body\">Olle Lindstr\u00f6m\/TT<\/p>\n<p>\n\t\tPublicerad:<br \/>\n\t\t9 dec 2025, 07:25\n\t<\/p>\n<p>\n\t\t\tUppdaterad:<br \/>\n\t\t\t9 dec 2025, 09:12\n\t\t<\/p>\n","protected":false},"excerpt":{"rendered":"Konkursade batterifabriken Northvolt fick en del statligt st\u00f6d, men det r\u00e4ckte inte. Arkivbild. Bild: Jonas Ekstr\u00f6mer\/TT Svenska bolag&hellip;\n","protected":false},"author":2,"featured_media":100842,"comment_status":"","ping_status":"","sticky":false,"template":"","format":"standard","meta":{"footnotes":""},"categories":[65],"tags":[72,70,71,34,31,33,32,30],"class_list":{"0":"post-100841","1":"post","2":"type-post","3":"status-publish","4":"format-standard","5":"has-post-thumbnail","7":"category-ekonomi","8":"tag-business","9":"tag-economy","10":"tag-ekonomi","11":"tag-se","12":"tag-svenska","13":"tag-sverige","14":"tag-sweden","15":"tag-swedish"},"share_on_mastodon":{"url":"https:\/\/pubeurope.com\/@se\/115688626362275057","error":""},"_links":{"self":[{"href":"https:\/\/www.europesays.com\/se\/wp-json\/wp\/v2\/posts\/100841","targetHints":{"allow":["GET"]}}],"collection":[{"href":"https:\/\/www.europesays.com\/se\/wp-json\/wp\/v2\/posts"}],"about":[{"href":"https:\/\/www.europesays.com\/se\/wp-json\/wp\/v2\/types\/post"}],"author":[{"embeddable":true,"href":"https:\/\/www.europesays.com\/se\/wp-json\/wp\/v2\/users\/2"}],"replies":[{"embeddable":true,"href":"https:\/\/www.europesays.com\/se\/wp-json\/wp\/v2\/comments?post=100841"}],"version-history":[{"count":0,"href":"https:\/\/www.europesays.com\/se\/wp-json\/wp\/v2\/posts\/100841\/revisions"}],"wp:featuredmedia":[{"embeddable":true,"href":"https:\/\/www.europesays.com\/se\/wp-json\/wp\/v2\/media\/100842"}],"wp:attachment":[{"href":"https:\/\/www.europesays.com\/se\/wp-json\/wp\/v2\/media?parent=100841"}],"wp:term":[{"taxonomy":"category","embeddable":true,"href":"https:\/\/www.europesays.com\/se\/wp-json\/wp\/v2\/categories?post=100841"},{"taxonomy":"post_tag","embeddable":true,"href":"https:\/\/www.europesays.com\/se\/wp-json\/wp\/v2\/tags?post=100841"}],"curies":[{"name":"wp","href":"https:\/\/api.w.org\/{rel}","templated":true}]}}