{"id":100843,"date":"2025-12-09T08:20:10","date_gmt":"2025-12-09T08:20:10","guid":{"rendered":"https:\/\/www.europesays.com\/se\/100843\/"},"modified":"2025-12-09T08:20:10","modified_gmt":"2025-12-09T08:20:10","slug":"drabbade-i-spermieskandalen-kraver-skadestand-fran-region-halland-viktigt-att-fa-upprattelse-p1-morgon","status":"publish","type":"post","link":"https:\/\/www.europesays.com\/se\/100843\/","title":{"rendered":"Drabbade i spermieskandalen kr\u00e4ver skadest\u00e5nd fr\u00e5n Region Halland: \u201dViktigt att f\u00e5 uppr\u00e4ttelse\u201d &#8211; P1 Morgon"},"content":{"rendered":"<p>P1 Morgon har f\u00e5tt ett skriftligt svar fr\u00e5n <strong>Anders \u00c5kvist <\/strong>som \u00e4r chefl\u00e4kare vid Region Halland: <\/p>\n<p>\u2013 Det \u00e4r f\u00f6r tidigt att kommentera skadest\u00e5ndsanspr\u00e5ket i det h\u00e4r l\u00e4get.\u00a0Men vi har f\u00f6rst\u00e5else f\u00f6r de drabbade och vi tar den h\u00e4r fr\u00e5gan p\u00e5 stort allvar. Det har funnits stora brister i den h\u00e4r verksamheten och det har gjorts s\u00e5v\u00e4l intern som extern utredning och genomf\u00f6rts en rad \u00e5tg\u00e4rder. <\/p>\n<p>I dag finns rutiner p\u00e5 plats f\u00f6r att kunna arbeta l\u00e5ngsiktigt och bem\u00f6ta personer som h\u00f6r av sig, utf\u00f6ra DNA-testning och p\u00e5 de s\u00e4tt vi kan komplettera bilden. Vi har haft kontakt med m\u00e5nga m\u00e4nniskor som \u00e4r p\u00e5 olika s\u00e4tt \u00e4r ber\u00f6rda av de h\u00e4r h\u00e4ndelserna och erbjudit st\u00f6d till dem och \u00e4ven f\u00e5tt information som varit viktig f\u00f6r att kunna ta reda p\u00e5 vad som egentligen h\u00e4nde.<\/p>\n<p>Trots att det g\u00e5tt 30 \u00e5r s\u00e5 \u00e4r det h\u00e4ndelser som kommer att finnas med oss l\u00e4nge och d\u00e4r vi vill kunna m\u00f6ta de personer som p\u00e5 olika s\u00e4tt p\u00e5verkats av bristerna i den h\u00e4r verksamheten.<\/p>\n<p class=\"byline\">P1 Morgon<br \/><a class=\"internal-link\" target=\"_self\" href=\"https:\/\/www.sverigesradio.se\/artikel\/mailto:p1morgon@sverigesradio.se\" rel=\"nofollow noopener\">p1morgon@sverigesradio.se<\/a><\/p>\n","protected":false},"excerpt":{"rendered":"P1 Morgon har f\u00e5tt ett skriftligt svar fr\u00e5n Anders \u00c5kvist som \u00e4r chefl\u00e4kare vid Region Halland: \u2013 Det&hellip;\n","protected":false},"author":2,"featured_media":100844,"comment_status":"","ping_status":"","sticky":false,"template":"","format":"standard","meta":{"footnotes":""},"categories":[5],"tags":[22,23,71,3403,26,27,17,21,194,24,25,28,29,3402,15,16,3401,18,2132,34,111,31,33,32,30,19,20,3404,83],"class_list":{"0":"post-100843","1":"post","2":"type-post","3":"status-publish","4":"format-standard","5":"has-post-thumbnail","7":"category-rubriker","8":"tag-breaking-news","9":"tag-breakingnews","10":"tag-ekonomi","11":"tag-frdjupning","12":"tag-featured-news","13":"tag-featurednews","14":"tag-headlines","15":"tag-huvudnyheter","16":"tag-kultur","17":"tag-latest-news","18":"tag-latestnews","19":"tag-main-news","20":"tag-mainnews","21":"tag-morgonmagasin","22":"tag-news","23":"tag-nyheter","24":"tag-p1-morgon","25":"tag-rubriker","26":"tag-samhlle","27":"tag-se","28":"tag-sport","29":"tag-svenska","30":"tag-sverige","31":"tag-sweden","32":"tag-swedish","33":"tag-top-stories","34":"tag-topstories","35":"tag-vder","36":"tag-vetenskap"},"share_on_mastodon":{"url":"https:\/\/pubeurope.com\/@se\/115688637951223870","error":""},"_links":{"self":[{"href":"https:\/\/www.europesays.com\/se\/wp-json\/wp\/v2\/posts\/100843","targetHints":{"allow":["GET"]}}],"collection":[{"href":"https:\/\/www.europesays.com\/se\/wp-json\/wp\/v2\/posts"}],"about":[{"href":"https:\/\/www.europesays.com\/se\/wp-json\/wp\/v2\/types\/post"}],"author":[{"embeddable":true,"href":"https:\/\/www.europesays.com\/se\/wp-json\/wp\/v2\/users\/2"}],"replies":[{"embeddable":true,"href":"https:\/\/www.europesays.com\/se\/wp-json\/wp\/v2\/comments?post=100843"}],"version-history":[{"count":0,"href":"https:\/\/www.europesays.com\/se\/wp-json\/wp\/v2\/posts\/100843\/revisions"}],"wp:featuredmedia":[{"embeddable":true,"href":"https:\/\/www.europesays.com\/se\/wp-json\/wp\/v2\/media\/100844"}],"wp:attachment":[{"href":"https:\/\/www.europesays.com\/se\/wp-json\/wp\/v2\/media?parent=100843"}],"wp:term":[{"taxonomy":"category","embeddable":true,"href":"https:\/\/www.europesays.com\/se\/wp-json\/wp\/v2\/categories?post=100843"},{"taxonomy":"post_tag","embeddable":true,"href":"https:\/\/www.europesays.com\/se\/wp-json\/wp\/v2\/tags?post=100843"}],"curies":[{"name":"wp","href":"https:\/\/api.w.org\/{rel}","templated":true}]}}