{"id":100857,"date":"2025-12-09T08:41:11","date_gmt":"2025-12-09T08:41:11","guid":{"rendered":"https:\/\/www.europesays.com\/se\/100857\/"},"modified":"2025-12-09T08:41:11","modified_gmt":"2025-12-09T08:41:11","slug":"stina-nilsson-reagerar-pa-bilderna-hemskt-skidskytte","status":"publish","type":"post","link":"https:\/\/www.europesays.com\/se\/100857\/","title":{"rendered":"Stina Nilsson reagerar p\u00e5 bilderna: \u201dHemskt\u201d | Skidskytte"},"content":{"rendered":"<p>Publicerad 9 dec 2025 kl 08.38Uppdaterad kl 08.48<\/p>\n<p>Stina Nilsson, 32, bytte chockartat traditionell l\u00e4ngdskid\u00e5kning mot skidskytte. I SVT:s program \u201dKallprat\u201d avsl\u00f6jar hon n\u00e4r skiftet skedde.<\/p>\n<p>\u2013 Det \u00e4r hemskt, s\u00e4ger hon.\u00a0<\/p>\n<p><img   alt=\"\"\/> <\/p>\n<p>Foto: KALLE PARKKINEN \/ BILDBYR\u00c5N<\/p>\n<p>\u00d6ppna bild i helsk\u00e4rm<img loading=\"lazy\"   alt=\"\"\/> <\/p>\n<p>Foto: MATHIAS BERGELD \/ BILDBYR\u00c5N<\/p>\n<p>\u00d6ppna bild i helsk\u00e4rm<\/p>\n<p><a href=\"https:\/\/www.expressen.se\/tagg\/person\/stina-nilsson\/\" class=\"\" rel=\"nofollow noopener\" target=\"_blank\">Stina Nilsson<\/a> \u00e4r inne p\u00e5 sin tredje karri\u00e4r i skidsp\u00e5ren. Som traditionell l\u00e4ngd\u00e5kare vann hon tv\u00e5 VM-guld och ett OS-guld under spelen i Pyeongchang 2018. Efter s\u00e4songen 2020 gick hon ut med att hon sensationellt skulle byta sport \u2013 till skidskytte. I SVT:s program \u201dKallprat\u201d avsl\u00f6jar hon nu n\u00e4r beslutet togs.<\/p>\n<p>2020 provade hon p\u00e5 sporten f\u00f6r f\u00f6rsta g\u00e5ngen. Hennes pappa hade satt upp en bana hemma i R\u00e4ttvik och med familjen som n\u00e4rmaste publik sk\u00f6t hon tre tr\u00e4ff. N\u00e4r SVT visar bilderna, som Stinas mamma skickat in, svarar hon f\u00f6rst att det \u00e4r \u201dhemskt.\u201d<\/p>\n<p>\u2013 Jag tror jag bytte efter den t\u00e4vlingen. Det var s\u00e5 kul!. Pappa drog upp sp\u00e5r med skotern. Sen var det t\u00e4vling, och vi grillade korv och hade publik. Jag blev intervjuad innan med en vedklabb. Det var show.<\/p>\n<p>\u201d\u00c4r lite skottr\u00e4dd\u201d<\/p>\n<p>\u2013 Jag hade ingen erfarenhet av att skjuta. Sen \u00e4r jag lite skottr\u00e4dd ocks\u00e5.<\/p>\n<p>P\u00e5 fr\u00e5gan om hon \u00e5ngrar sig svarar hon snabbt:\u00a0<\/p>\n<p>\u2013 Absolut inte! Jag hade absolut \u00e5ngrat mig om jag inte hade testat.<\/p>\n<p>Skidskyttekarri\u00e4ren tog slut efter fyra s\u00e4songer och numera satsar Nilsson p\u00e5 l\u00e5nglopp. F\u00f6rra s\u00e4songen vann hon Vasaloppet, n\u00e5got som hon h\u00e5ller som sin st\u00f6rsta bedrift i karri\u00e4ren.<\/p>\n<p>\u2013 Jag har nog \u00e4nd\u00e5 landat i att f\u00f6r mig \u00e4r det den st\u00f6rsta prestationen jag har gjort hittills, s\u00e4ger Nilsson.<\/p>\n<p><strong>L\u00c4S MER: <\/strong><a href=\"https:\/\/www.expressen.se\/sport\/langdskidor\/frida-karlssons-lyxkop-for-over-600-000-kronor\/\" class=\"\" rel=\"nofollow noopener\" target=\"_blank\">Frida Karlssons lyxk\u00f6p \u2013 f\u00f6r \u00f6ver 600 000 kronor<\/a><\/p>\n","protected":false},"excerpt":{"rendered":"Publicerad 9 dec 2025 kl 08.38Uppdaterad kl 08.48 Stina Nilsson, 32, bytte chockartat traditionell l\u00e4ngdskid\u00e5kning mot skidskytte. I&hellip;\n","protected":false},"author":2,"featured_media":100858,"comment_status":"","ping_status":"","sticky":false,"template":"","format":"standard","meta":{"footnotes":""},"categories":[68],"tags":[1038,34,945,111,110,31,33,32,30],"class_list":{"0":"post-100857","1":"post","2":"type-post","3":"status-publish","4":"format-standard","5":"has-post-thumbnail","7":"category-sport","8":"tag-person-stina-nilsson","9":"tag-se","10":"tag-sections-skidskytte","11":"tag-sport","12":"tag-sports","13":"tag-svenska","14":"tag-sverige","15":"tag-sweden","16":"tag-swedish"},"share_on_mastodon":{"url":"https:\/\/pubeurope.com\/@se\/115688720530806053","error":""},"_links":{"self":[{"href":"https:\/\/www.europesays.com\/se\/wp-json\/wp\/v2\/posts\/100857","targetHints":{"allow":["GET"]}}],"collection":[{"href":"https:\/\/www.europesays.com\/se\/wp-json\/wp\/v2\/posts"}],"about":[{"href":"https:\/\/www.europesays.com\/se\/wp-json\/wp\/v2\/types\/post"}],"author":[{"embeddable":true,"href":"https:\/\/www.europesays.com\/se\/wp-json\/wp\/v2\/users\/2"}],"replies":[{"embeddable":true,"href":"https:\/\/www.europesays.com\/se\/wp-json\/wp\/v2\/comments?post=100857"}],"version-history":[{"count":0,"href":"https:\/\/www.europesays.com\/se\/wp-json\/wp\/v2\/posts\/100857\/revisions"}],"wp:featuredmedia":[{"embeddable":true,"href":"https:\/\/www.europesays.com\/se\/wp-json\/wp\/v2\/media\/100858"}],"wp:attachment":[{"href":"https:\/\/www.europesays.com\/se\/wp-json\/wp\/v2\/media?parent=100857"}],"wp:term":[{"taxonomy":"category","embeddable":true,"href":"https:\/\/www.europesays.com\/se\/wp-json\/wp\/v2\/categories?post=100857"},{"taxonomy":"post_tag","embeddable":true,"href":"https:\/\/www.europesays.com\/se\/wp-json\/wp\/v2\/tags?post=100857"}],"curies":[{"name":"wp","href":"https:\/\/api.w.org\/{rel}","templated":true}]}}