{"id":100859,"date":"2025-12-09T08:45:20","date_gmt":"2025-12-09T08:45:20","guid":{"rendered":"https:\/\/www.europesays.com\/se\/100859\/"},"modified":"2025-12-09T08:45:20","modified_gmt":"2025-12-09T08:45:20","slug":"tandlakare-tjanar-pa-att-dra-ut-tander-i-onodan","status":"publish","type":"post","link":"https:\/\/www.europesays.com\/se\/100859\/","title":{"rendered":"Tandl\u00e4kare tj\u00e4nar p\u00e5 att dra ut t\u00e4nder i on\u00f6dan"},"content":{"rendered":"<p>share-arrowDela<\/p>\n<p>unsaveSpara<\/p>\n<p>expand-left<\/p>\n<p>helsk\u00e4rm<img decoding=\"async\" class=\"image-asset hyperion-css-u06ts1\" data-test-tag=\"image-asset\" src=\"https:\/\/www.europesays.com\/se\/wp-content\/uploads\/2025\/12\/a60ba0e1-8139-4ddc-8f07-b92b9ea5414c\"  alt=\"Det statliga tandv\u00e5rdsst\u00f6det g\u00e5r inte till patienterna i den utstr\u00e4ckning som var t\u00e4nkt, enligt en granskning. Arkivbild.\"  loading=\"eager\" fetchpriority=\"high\" style=\"aspect-ratio:1900 \/ 1267\"\/>Det statliga tandv\u00e5rdsst\u00f6det g\u00e5r inte till patienterna i den utstr\u00e4ckning som var t\u00e4nkt, enligt en granskning. Arkivbild. Foto: Fredrik Sandberg\/TT<\/p>\n<p class=\"hyperion-css-1shl3oz\" data-test-tag=\"lead-text\">Friskare t\u00e4nder till l\u00e4gre kostnad. Det var m\u00e5let. Men det statliga st\u00f6det har i st\u00e4llet lett till att tandl\u00e4karna h\u00f6jt sina priser och inte s\u00e4nkt patienternas kostnader.<\/p>\n<p class=\"hyperion-css-1shl3oz\" data-test-tag=\"lead-text\">Det visar Riksrevisionens granskning.<\/p>\n<p class=\"hyperion-css-1v9qo5x\">Staten l\u00e4gger omkring \u00e5tta miljarder kronor i \u00e5r p\u00e5 tandv\u00e5rdsst\u00f6d. N\u00e4r st\u00f6det inf\u00f6rdes 2008 var tanken att det skulle begr\u00e4nsa kostnaderna f\u00f6r patienterna. Men eftersom tandl\u00e4karna har h\u00f6jt priserna har st\u00f6det delvis hamnat hos dem. Ju h\u00f6gre statens subvention har varit, desto mer tycks v\u00e5rdgivarna h\u00f6ja sina priser, enligt granskningen.<\/p>\n<p class=\"hyperion-css-1v9qo5x\">St\u00f6det bygger p\u00e5 att den som g\u00e5r till tandl\u00e4karen sj\u00e4lv j\u00e4mf\u00f6r och ifr\u00e5gas\u00e4tter priser. Men s\u00e5 ser det inte ut.<\/p>\n<p class=\"hyperion-css-1v9qo5x\">\u2013 En femtedel av patienterna k\u00e4nner inte till att priserna kan variera, s\u00e4ger Filippa Hagersten p\u00e5 Riksrevisionen som projektlett granskningen.<\/p>\n<p>Inga riktlinjer<\/p>\n<p class=\"hyperion-css-1v9qo5x\">Situationen f\u00f6rv\u00e4rras av att v\u00e5rdgivarna s\u00e4llan uppfyller sina skyldigheter att informera patienter om prisskillnaderna. Ingen akt\u00f6r har i dag ansvar f\u00f6r att f\u00f6lja upp att skyldigheter f\u00f6ljs. Det finns inte heller n\u00e5gra riktlinjer f\u00f6r hur h\u00f6gt priset f\u00e5r vara.<\/p>\n<p class=\"hyperion-css-1v9qo5x\">Ytterligare en konsekvens av st\u00f6dets utformning \u00e4r att vissa ingrepp, som att dra ut en tand och ers\u00e4tta med implantat, har \u00f6kat kraftigt de senaste tio \u00e5ren.<\/p>\n<p class=\"hyperion-css-1v9qo5x\">\u2013 Ett sk\u00e4l till det \u00e4r sannolikt att tandl\u00e4karna f\u00e5r mer ers\u00e4ttning f\u00f6r det, trots att det ur ett odontologiskt perspektiv ofta \u00e4r b\u00e4ttre att beh\u00e5lla tanden och rotfylla den. Men det ger mindre ers\u00e4ttning, f\u00f6rklarar Filippa Hagersten.<\/p>\n<p>H\u00f6ja egenavgiften<\/p>\n<p class=\"hyperion-css-1v9qo5x\">Riksrevisionen har tv\u00e5 f\u00f6rslag p\u00e5 hur tandv\u00e5rdsst\u00f6det b\u00e4ttre kan komma patienterna till del. Det ena \u00e4r att s\u00e4nka subventionen och h\u00f6ja avgiften patienten sj\u00e4lv betalar. Det skulle kunna leda till en st\u00e4rkt priskonkurrens. Det andra \u00e4r att reglera priserna.<\/p>\n<p class=\"hyperion-css-1v9qo5x\">\u2013 B\u00e5da har risker, till exempel kan tillg\u00e4ngligheten f\u00f6rs\u00e4mras om tandl\u00e4karna f\u00e5r s\u00e4mre betalt, s\u00e4ger Filippa Hagersten.<\/p>\n<p class=\"hyperion-css-1v9qo5x\">En viktig slutsats \u00e4r att f\u00f6r att systemet ska fungera beh\u00f6ver patientens st\u00e4llning st\u00e4rkas. Riksrevisionen anser bland annat att regeringen b\u00f6r ge en myndighet det samlade ansvaret f\u00f6r att informera patienterna om vad som g\u00e4ller. Det g\u00e5r till exempel att g\u00e5 in p\u00e5 tandpriskollen.se och j\u00e4mf\u00f6ra mottagningar men det \u00e4r f\u00e5 som k\u00e4nner till det.<\/p>\n<p>FAKTARiksrevisionens rekommendationer i urval<\/p>\n<p class=\"hyperion-css-jonaf8\">Till regeringen:<\/p>\n<p class=\"hyperion-css-jonaf8\">Ta initiativ f\u00f6r att st\u00e4rka patientens st\u00e4llning p\u00e5 tandv\u00e5rdsmarknaden. Ansvaret f\u00f6r patientinformationen b\u00f6r samlas under en myndighet. \u00d6verv\u00e4g att inf\u00f6ra en patientenk\u00e4t samt reglera s\u00e5 att tandv\u00e5rdens alla v\u00e5rdgivare blir skyldiga att ansluta sig till klagom\u00e5lsfunktionen.<\/p>\n<p class=\"hyperion-css-jonaf8\">Se till att tandv\u00e5rdsst\u00f6det i h\u00f6gre grad kommer patienterna till del och att subventionen mer effektivt stimulerar till f\u00f6rebyggande tandv\u00e5rd.<\/p>\n<p class=\"hyperion-css-jonaf8\">Ta initiativ till en reglering som st\u00e4ller krav p\u00e5 att branschen rapporterar in de uppgifter till Tandv\u00e5rds- och l\u00e4kemedelsf\u00f6rm\u00e5nsverket (TLV) som de beh\u00f6ver f\u00f6r att ber\u00e4kna referenspriserna.<\/p>\n<p class=\"hyperion-css-jonaf8\">Avveckla N\u00e4mnden f\u00f6r statligt tandv\u00e5rdsst\u00f6d och flytta besluten till generaldirekt\u00f6ren f\u00f6r TLV.<\/p>\n<p class=\"hyperion-css-jonaf8\">Till Konsumentverket:<\/p>\n<p class=\"hyperion-css-jonaf8\">Verka f\u00f6r att i bransch\u00f6verenskommelsen med Privattandl\u00e4karna precisera hur mycket priset f\u00e5r avvika fr\u00e5n en tidigare angiven ungef\u00e4rlig prisuppgift.<\/p>\n<p>L\u00e4s mer<\/p>\n","protected":false},"excerpt":{"rendered":"share-arrowDela unsaveSpara expand-left helsk\u00e4rmDet statliga tandv\u00e5rdsst\u00f6det g\u00e5r inte till patienterna i den utstr\u00e4ckning som var t\u00e4nkt, enligt en&hellip;\n","protected":false},"author":2,"featured_media":100860,"comment_status":"","ping_status":"","sticky":false,"template":"","format":"standard","meta":{"footnotes":""},"categories":[65],"tags":[72,70,71,34,31,33,32,30],"class_list":{"0":"post-100859","1":"post","2":"type-post","3":"status-publish","4":"format-standard","5":"has-post-thumbnail","7":"category-ekonomi","8":"tag-business","9":"tag-economy","10":"tag-ekonomi","11":"tag-se","12":"tag-svenska","13":"tag-sverige","14":"tag-sweden","15":"tag-swedish"},"share_on_mastodon":{"url":"https:\/\/pubeurope.com\/@se\/115688736332613655","error":""},"_links":{"self":[{"href":"https:\/\/www.europesays.com\/se\/wp-json\/wp\/v2\/posts\/100859","targetHints":{"allow":["GET"]}}],"collection":[{"href":"https:\/\/www.europesays.com\/se\/wp-json\/wp\/v2\/posts"}],"about":[{"href":"https:\/\/www.europesays.com\/se\/wp-json\/wp\/v2\/types\/post"}],"author":[{"embeddable":true,"href":"https:\/\/www.europesays.com\/se\/wp-json\/wp\/v2\/users\/2"}],"replies":[{"embeddable":true,"href":"https:\/\/www.europesays.com\/se\/wp-json\/wp\/v2\/comments?post=100859"}],"version-history":[{"count":0,"href":"https:\/\/www.europesays.com\/se\/wp-json\/wp\/v2\/posts\/100859\/revisions"}],"wp:featuredmedia":[{"embeddable":true,"href":"https:\/\/www.europesays.com\/se\/wp-json\/wp\/v2\/media\/100860"}],"wp:attachment":[{"href":"https:\/\/www.europesays.com\/se\/wp-json\/wp\/v2\/media?parent=100859"}],"wp:term":[{"taxonomy":"category","embeddable":true,"href":"https:\/\/www.europesays.com\/se\/wp-json\/wp\/v2\/categories?post=100859"},{"taxonomy":"post_tag","embeddable":true,"href":"https:\/\/www.europesays.com\/se\/wp-json\/wp\/v2\/tags?post=100859"}],"curies":[{"name":"wp","href":"https:\/\/api.w.org\/{rel}","templated":true}]}}