{"id":100861,"date":"2025-12-09T08:49:30","date_gmt":"2025-12-09T08:49:30","guid":{"rendered":"https:\/\/www.europesays.com\/se\/100861\/"},"modified":"2025-12-09T08:49:30","modified_gmt":"2025-12-09T08:49:30","slug":"straffvardebedomning-och-skadestandsansvar-nar-en-elev-med-neuropsykiatrisk-funktionsnedsattning-misshandlat-sin-larare","status":"publish","type":"post","link":"https:\/\/www.europesays.com\/se\/100861\/","title":{"rendered":"Straffv\u00e4rdebed\u00f6mning och skadest\u00e5ndsansvar n\u00e4r en elev med neuropsykiatrisk funktionsneds\u00e4ttning misshandlat sin l\u00e4rare"},"content":{"rendered":"<p>&#13;<br \/>\n&#13;<br \/>\nI m\u00e5let stod en skolelev \u00e5talad bland annat f\u00f6r att ha misshandlat sin l\u00e4rare. H\u00f6gsta domstolen har pr\u00f6vat fr\u00e5gor om straffv\u00e4rde och skadest\u00e5ndsansvar f\u00f6r kr\u00e4nkning n\u00e4r g\u00e4rningsmannen lidit av neuropsykiatrisk funktionsneds\u00e4ttning.<\/p>\n<p>En person med flera neuropsykiatriska diagnoser \u00e5talades bland annat f\u00f6r att ha misshandlat sin l\u00e4rare p\u00e5 en gymnasieskola. I H\u00f6gsta domstolen har m\u00e5let framf\u00f6r allt g\u00e4llt fr\u00e5gan om personens psykiska tillst\u00e5nd ska p\u00e5verka straffv\u00e4rdebed\u00f6mningen och, om personen ska d\u00f6mas, i vilken m\u00e5n tillst\u00e5ndet ska p\u00e5verka personens skyldighet att utge skadest\u00e5nd i form av ers\u00e4ttning f\u00f6r kr\u00e4nkning.<\/p>\n<p>H\u00f6gsta domstolen har kommit fram till att en neuropsykiatrisk funktionsneds\u00e4ttning \u2013 i den m\u00e5n den yttrar sig i en nedsatt f\u00f6rm\u00e5ga till handlingskontroll \u2013 kan f\u00e5 betydelse f\u00f6r straffv\u00e4rdebed\u00f6mningen, s\u00e4rskilt om den tilltalade inte ensam har tillskapat en situation som han eller hon har sv\u00e5rt att hantera p\u00e5 grund av sitt tillst\u00e5nd. I det aktuella fallet s\u00e4nktes straffv\u00e4rdet n\u00e5got och den tilltalades d\u00f6mdes till ungdomsv\u00e5rd med vissa f\u00f6reskrifter.<\/p>\n<p>I fr\u00e5ga om skadest\u00e5nd har H\u00f6gsta domstolen kommit fram till att det \u00e4r fr\u00e5ga om ett privatr\u00e4ttsligt mellanhavande mellan den tilltalade och brottsoffret. Kriminalpolitiska h\u00e4nsynstaganden b\u00f6r d\u00e5 inte inverka s\u00e5som sker vid straffv\u00e4rdebed\u00f6mning och p\u00e5f\u00f6ljdsval. Best\u00e4mmelserna i 2 kap. 4 och 5 \u00a7\u00a7 skadest\u00e5ndslagen om neds\u00e4ttning av skadest\u00e5nd ska till\u00e4mpas med \u00e5terh\u00e5llsamhet. En neds\u00e4ttning kan framf\u00f6r allt beh\u00f6va \u00f6verv\u00e4gas n\u00e4r skadest\u00e5ndsbeloppet f\u00f6r ett barn blir mer betydande. N\u00e5gon neds\u00e4ttning gjordes inte i m\u00e5let, och elevens v\u00e5rdnadshavande f\u00f6r\u00e4lder h\u00f6lls solidariskt ansvarig f\u00f6r kr\u00e4nkningsskadan enligt 3 kap. 5 \u00a7 skadest\u00e5ndslagen.\u00a0<\/p>\n","protected":false},"excerpt":{"rendered":"&#13; &#13; I m\u00e5let stod en skolelev \u00e5talad bland annat f\u00f6r att ha misshandlat sin l\u00e4rare. H\u00f6gsta domstolen&hellip;\n","protected":false},"author":2,"featured_media":67974,"comment_status":"","ping_status":"","sticky":false,"template":"","format":"standard","meta":{"footnotes":""},"categories":[5],"tags":[22,23,26,27,17,21,24,25,28,29,15,16,18,34,31,33,32,30,19,20],"class_list":{"0":"post-100861","1":"post","2":"type-post","3":"status-publish","4":"format-standard","5":"has-post-thumbnail","7":"category-rubriker","8":"tag-breaking-news","9":"tag-breakingnews","10":"tag-featured-news","11":"tag-featurednews","12":"tag-headlines","13":"tag-huvudnyheter","14":"tag-latest-news","15":"tag-latestnews","16":"tag-main-news","17":"tag-mainnews","18":"tag-news","19":"tag-nyheter","20":"tag-rubriker","21":"tag-se","22":"tag-svenska","23":"tag-sverige","24":"tag-sweden","25":"tag-swedish","26":"tag-top-stories","27":"tag-topstories"},"share_on_mastodon":{"url":"https:\/\/pubeurope.com\/@se\/115688753501686928","error":""},"_links":{"self":[{"href":"https:\/\/www.europesays.com\/se\/wp-json\/wp\/v2\/posts\/100861","targetHints":{"allow":["GET"]}}],"collection":[{"href":"https:\/\/www.europesays.com\/se\/wp-json\/wp\/v2\/posts"}],"about":[{"href":"https:\/\/www.europesays.com\/se\/wp-json\/wp\/v2\/types\/post"}],"author":[{"embeddable":true,"href":"https:\/\/www.europesays.com\/se\/wp-json\/wp\/v2\/users\/2"}],"replies":[{"embeddable":true,"href":"https:\/\/www.europesays.com\/se\/wp-json\/wp\/v2\/comments?post=100861"}],"version-history":[{"count":0,"href":"https:\/\/www.europesays.com\/se\/wp-json\/wp\/v2\/posts\/100861\/revisions"}],"wp:featuredmedia":[{"embeddable":true,"href":"https:\/\/www.europesays.com\/se\/wp-json\/wp\/v2\/media\/67974"}],"wp:attachment":[{"href":"https:\/\/www.europesays.com\/se\/wp-json\/wp\/v2\/media?parent=100861"}],"wp:term":[{"taxonomy":"category","embeddable":true,"href":"https:\/\/www.europesays.com\/se\/wp-json\/wp\/v2\/categories?post=100861"},{"taxonomy":"post_tag","embeddable":true,"href":"https:\/\/www.europesays.com\/se\/wp-json\/wp\/v2\/tags?post=100861"}],"curies":[{"name":"wp","href":"https:\/\/api.w.org\/{rel}","templated":true}]}}